{"id":14780,"date":"2022-07-08T17:22:26","date_gmt":"2022-07-08T17:22:26","guid":{"rendered":"http:\/\/misionescuatro.com.ar\/?p=14780"},"modified":"2024-12-27T15:37:08","modified_gmt":"2024-12-27T15:37:08","slug":"diputados-crearon-el-primer-juzgado-ambiental-de-misiones","status":"publish","type":"post","link":"https:\/\/misionescuatro.com.ar\/?p=14780","title":{"rendered":"Diputados crearon el primer Juzgado Ambiental de Misiones"},"content":{"rendered":"\n<p>Diputados de Misiones votaron este jueves por unanimidad la creaci\u00f3n por ley del primer foro judicial especializado en materia ambiental de Misiones y segundo del pa\u00eds.<\/p>\n\n\n\n<p>En ese sentido, la provincia sigui\u00f3 los pasos de Jujuy, primera provincia argentina encargada en poner en marcha esa ley puesto que en el ordenamiento el derecho al ambiente no tiene tutela judicial efectiva nacional y el sistema nacional ideado para solucionar conflictos individuales, dej\u00f3 de tener eficacia frente a los conflictos ambientales.<\/p>\n\n\n\n<p>A trav\u00e9s de la flamante Ley, en Misiones se crea el juzgado ambiental que tendr\u00e1 su asiento en Posadas con jurisdicci\u00f3n en toda la provincia. Contar\u00e1 con dos secretar\u00edas letradas y se podr\u00e1n tramitar todas las causas y acciones en defensa del ambiente ante \u201ccualquier hecho u omisi\u00f3n arbitraria que lesione y amenace los recursos naturales y el equilibrio del ecosistema\u201d.<\/p>\n\n\n\n<p>\u201cEntender\u00e1 tambi\u00e9n los procesos cautelares ambientales y juicios ordinarios por reparaci\u00f3n del da\u00f1o y en los juicios ordinarios por reparaci\u00f3n o remediaci\u00f3n de da\u00f1o ambiental, incluida la faz resarcitoria privada. Tambi\u00e9n se crear\u00e1 una fiscal\u00eda ambiental con la vital funci\u00f3n de actuar de oficio en la investigaci\u00f3n, solicitar informes y requerir apoyo de agencias locales o internacionales que sirvan para promover la tutela del ambiente\u201d, argument\u00f3 la diputada informante Anazul Centeno.<\/p>\n\n\n\n<p>En ese sentido, el fiscal tendr\u00e1 a su cargo las funciones de promover y ejercer la tutela jurisdiccional del ambiente ante el juzgado con competencia en materia ambiental; solicitar informes, realizar presentaciones o peticiones administrativas para tutelar el ambiente ante organismos nacionales, provinciales o municipales; recibir denuncias y efectuar las derivaciones pertinentes, dentro del Ministerio P\u00fablico y a otros entes e instituciones; coordinar acciones con las distintas dependencias judiciales y administrativas provinciales, teniendo facultades para requerir la colaboraci\u00f3n de instituciones nacionales e internacionales especializadas en materia ambiental; celebrar acuerdos de conciliaci\u00f3n sobre cuestiones ambientales, siempre que resulte adecuado a las circunstancias del caso o gravedad del da\u00f1o; concurrir a las audiencias p\u00fablicas que se llevan a cabo sobre cuestiones ambientales.<\/p>\n\n\n\n<p>Acceso a la justicia<\/p>\n\n\n\n<p>De esta forma, el juzgado podr\u00e1 aplicar normas de protecci\u00f3n del derecho a un medio ambiente sano y equilibrado, ya que garantiza el efectivo acceso a la Justicia.<\/p>\n\n\n\n<p>Seg\u00fan lo que dispone el art\u00edculo 41 de la Constituci\u00f3n Nacional: Todos los habitantes gozan del derecho a un ambiente sano, equilibrado, apto para el desarrollo humano y para que las actividades productivas satisfagan las necesidades presentes sin comprometer las de las generaciones futuras; y tienen el deber de preservarlo. El da\u00f1o ambiental generar\u00e1 prioritariamente \u201cla obligaci\u00f3n de reponer\u201d, seg\u00fan lo establezca la ley.<\/p>\n\n\n\n<p>Se observa que es com\u00fan la falta de protecci\u00f3n de los intereses ambientales, destac\u00e1ndose entre otras causas, por un lado la ineficacia de la Administraci\u00f3n Nacional, para recibir, tramitar y resolver peticiones vinculadas a temas ambientales, y por el otro lado el desconocimiento de los jueces de las normas que regulan la materia. Por lo que especialistas en derecho ambiental coinciden en la necesidad de establecer juzgados especializados en materia ambiente, remarc\u00f3 la diputada Centeno en su alocuci\u00f3n.<\/p>\n\n\n\n<p>La competencia del juzgado en materia ambiental no puede ser delegada y queda excluida la competencia penal en cuestiones ambientales.<\/p>\n\n\n\n<p>El Superior Tribunal de Justicia deber\u00e1 proceder a la distribuci\u00f3n de tareas, turnos, reubicaci\u00f3n o designaci\u00f3n de secretarios y personal, determinando la fecha en la cual el juzgado y fiscal\u00eda creados asumen la jurisdicci\u00f3n y competencia correspondiente.<\/p>\n\n\n\n<p>Los expedientes con competencia en materia ambiental ya existentes a la fecha continuar\u00e1n tramit\u00e1ndose en los juzgados de origen, por lo menos hasta la culminaci\u00f3n de la etapa procesal en tr\u00e1mite, luego de lo cual deben remitirse al juzgado creado.<\/p>\n\n\n\n<p><strong>Control biol\u00f3gico y monitoreo<\/strong><\/p>\n\n\n\n<p>Asimismo, durante la d\u00e9cima sesi\u00f3n del a\u00f1o tambi\u00e9n se vot\u00f3 a favor de la ley para crear el Plan Operativo de aegypti, que se desarrolla mediante la utilizaci\u00f3n de la t\u00e9cnica del insecto est\u00e9ril, en combinaci\u00f3n con biolarvicidas, otros m\u00e9todos y la gesti\u00f3n ambiental.<\/p>\n\n\n\n<p>El plan posee los siguientes objetivos: combatir al vector Aedes aegypti, transmisor del dengue, zika y chikungunya; implementar un plan operativo en etapas en el territorio de la provincia; realizar el monitoreo y vigilancia previamente, durante y luego de las liberaciones, mediante el uso de ovitrampas y trampas de adultos de Aedes aegypti; recibir material biol\u00f3gico y cumplir con el control de calidad de \u00e9ste; ejecutar la liberaci\u00f3n de la cantidad definida de mosquitos adultos.<\/p>\n\n\n\n<p>Acerca de la ley y sus alcances, el diputado informante Mart\u00edn Cesino resalt\u00f3 el \u201cgran trabajo que se hace todos los d\u00edas para la vigilancia epidemiol\u00f3gica y hoy la provincia no se encuentre en riesgo de contagio masivo\u201d.<\/p>\n\n\n\n<p>Y finaliz\u00f3: \u201cEl control biol\u00f3gico propiamente dicho consistir\u00e1 en la introducci\u00f3n de organismos vivos naturales, que se desempe\u00f1an como depredadores, del agente infeccioso\u201d.<\/p>\n\n\n\n<p><strong>Otras leyes de salud, cultura, deporte y educaci\u00f3n<\/strong><\/p>\n\n\n\n<p>En cuanto a la agenda de leyes relacionadas con la salud, los legisladores misioneros tambi\u00e9n levantaron la mano a favor de la ley que permitir\u00e1 crear la Unidad de Patolog\u00eda Espinal en el \u00e1mbito del Parque de la Salud, para el diagn\u00f3stico, tratamiento, rehabilitaci\u00f3n e investigaci\u00f3n de traumatismos raquimedulares, patolog\u00edas cong\u00e9nitas o adquiridas de la columna vertebral, sus contenidos y estructuras asociadas.<\/p>\n\n\n\n<p>Entre los objetivos de la norma se espera reducir la morbilidad y mortalidad por patolog\u00edas de la columna vertebral; garantizar el diagn\u00f3stico, tratamiento y rehabilitaci\u00f3n del paciente afectado, garantizar tecnolog\u00eda, infraestructura m\u00e9dica y recursos humanos capacitados y disponibles para la administraci\u00f3n de tratamientos quir\u00fargicos y no quir\u00fargicos de alta complejidad; impulsar la investigaci\u00f3n cient\u00edfica en implementaci\u00f3n de estrategias cl\u00ednicas para mejorar el diagn\u00f3stico temprano, tratamiento y rehabilitaci\u00f3n de las patolog\u00edas.<\/p>\n\n\n\n<p>La Unidad de Patolog\u00eda Espinal podr\u00e1 intervenir con m\u00e1xima celeridad en los procedimientos quir\u00fargicos y no quir\u00fargicos que permitan el tratamiento adecuado de traumatismos y patolog\u00edas vertebromedulares; definir y establecer los criterios generales y protocolos de actuaci\u00f3n del personal a cargo de la Unidad integrada por un equipo multidisciplinario de especialistas.<\/p>\n\n\n\n<p>Otras leyes aprobadas en la jornada giraron en torno a lo cultural, ya que se instituy\u00f3 al municipio de San Antonio como sede permanente del Encuentro Deportivo y Cultural \u201cSemana de la Patria\u201d, que se celebra en esa localidad en la frontera con Brasil en el marco de la conmemoraci\u00f3n del 25 de Mayo de cada a\u00f1o y como una forma de \u201chacer patria en la frontera\u201d. En la jornada tambi\u00e9n se declar\u00f3 de \u201cInter\u00e9s P\u00fablico\u201d el proyecto del diputado Carlos Eduardo Rovira el acceso al Libro y la Lectura, los cuales se entiende son \u201cinstrumentos indispensables para el desarrollo intelectual y la transmisi\u00f3n de la cultura de los misioneros\u201d, se fundament\u00f3 la normativa.<\/p>\n\n\n\n<p>Fuente: Misiones Opina<\/p>\n","protected":false},"excerpt":{"rendered":"<p>Diputados de Misiones votaron este jueves por unanimidad la creaci\u00f3n por ley del primer foro judicial especializado en<\/p>\n","protected":false},"author":3,"featured_media":14781,"comment_status":"closed","ping_status":"closed","sticky":false,"template":"","format":"standard","meta":{"footnotes":""},"categories":[3],"tags":[],"class_list":["post-14780","post","type-post","status-publish","format-standard","has-post-thumbnail","hentry","category-provinciales"],"featured_image_urls":{"full":["https:\/\/misionescuatro.com.ar\/wp-content\/uploads\/2022\/07\/Camara-representantes.jpg",1024,580,false],"thumbnail":["https:\/\/misionescuatro.com.ar\/wp-content\/uploads\/2022\/07\/Camara-representantes-150x150.jpg",150,150,true],"medium":["https:\/\/misionescuatro.com.ar\/wp-content\/uploads\/2022\/07\/Camara-representantes-300x170.jpg",300,170,true],"medium_large":["https:\/\/misionescuatro.com.ar\/wp-content\/uploads\/2022\/07\/Camara-representantes-768x435.jpg",640,363,true],"large":["https:\/\/misionescuatro.com.ar\/wp-content\/uploads\/2022\/07\/Camara-representantes.jpg",640,363,false],"1536x1536":["https:\/\/misionescuatro.com.ar\/wp-content\/uploads\/2022\/07\/Camara-representantes.jpg",1024,580,false],"2048x2048":["https:\/\/misionescuatro.com.ar\/wp-content\/uploads\/2022\/07\/Camara-representantes.jpg",1024,580,false],"wptouch-new-thumbnail":["https:\/\/misionescuatro.com.ar\/wp-content\/uploads\/2022\/07\/Camara-representantes.jpg",144,82,false],"morenews-featured":["https:\/\/misionescuatro.com.ar\/wp-content\/uploads\/2022\/07\/Camara-representantes.jpg",1024,580,false],"morenews-large":["https:\/\/misionescuatro.com.ar\/wp-content\/uploads\/2022\/07\/Camara-representantes.jpg",825,467,false],"morenews-medium":["https:\/\/misionescuatro.com.ar\/wp-content\/uploads\/2022\/07\/Camara-representantes.jpg",590,334,false]},"author_info":{"info":["Admin"]},"category_info":"<a href=\"https:\/\/misionescuatro.com.ar\/?cat=3\" rel=\"category\">Provinciales<\/a>","tag_info":"Provinciales","comment_count":"0","_links":{"self":[{"href":"https:\/\/misionescuatro.com.ar\/index.php?rest_route=\/wp\/v2\/posts\/14780","targetHints":{"allow":["GET"]}}],"collection":[{"href":"https:\/\/misionescuatro.com.ar\/index.php?rest_route=\/wp\/v2\/posts"}],"about":[{"href":"https:\/\/misionescuatro.com.ar\/index.php?rest_route=\/wp\/v2\/types\/post"}],"author":[{"embeddable":true,"href":"https:\/\/misionescuatro.com.ar\/index.php?rest_route=\/wp\/v2\/users\/3"}],"replies":[{"embeddable":true,"href":"https:\/\/misionescuatro.com.ar\/index.php?rest_route=%2Fwp%2Fv2%2Fcomments&post=14780"}],"version-history":[{"count":1,"href":"https:\/\/misionescuatro.com.ar\/index.php?rest_route=\/wp\/v2\/posts\/14780\/revisions"}],"predecessor-version":[{"id":14782,"href":"https:\/\/misionescuatro.com.ar\/index.php?rest_route=\/wp\/v2\/posts\/14780\/revisions\/14782"}],"wp:featuredmedia":[{"embeddable":true,"href":"https:\/\/misionescuatro.com.ar\/index.php?rest_route=\/wp\/v2\/media\/14781"}],"wp:attachment":[{"href":"https:\/\/misionescuatro.com.ar\/index.php?rest_route=%2Fwp%2Fv2%2Fmedia&parent=14780"}],"wp:term":[{"taxonomy":"category","embeddable":true,"href":"https:\/\/misionescuatro.com.ar\/index.php?rest_route=%2Fwp%2Fv2%2Fcategories&post=14780"},{"taxonomy":"post_tag","embeddable":true,"href":"https:\/\/misionescuatro.com.ar\/index.php?rest_route=%2Fwp%2Fv2%2Ftags&post=14780"}],"curies":[{"name":"wp","href":"https:\/\/api.w.org\/{rel}","templated":true}]}}