{"id":17480,"date":"2022-11-30T20:38:43","date_gmt":"2022-11-30T20:38:43","guid":{"rendered":"http:\/\/misionescuatro.com.ar\/?p=17480"},"modified":"2024-12-27T15:34:28","modified_gmt":"2024-12-27T15:34:28","slug":"la-tierra-colorada-y-sus-propuestas-de-verano-activo-para-esta-temporada","status":"publish","type":"post","link":"https:\/\/misionescuatro.com.ar\/?p=17480","title":{"rendered":"La tierra colorada y sus propuestas de Verano Activo para esta temporada"},"content":{"rendered":"\n<figure class=\"wp-block-image\"><img decoding=\"async\" src=\"https:\/\/i0.wp.com\/canal12misiones.com\/wp-content\/uploads\/2022\/11\/mocona-1.webp?resize=1089%2C620&amp;ssl=1\" alt=\"\"\/><\/figure>\n\n\n\n<p><strong><em>Se present\u00f3 en CABA la temporada de verano 2022-2023. Productos, servicios y experiencias son las ofertas para las pr\u00f3ximas vacaciones.<\/em><\/strong><\/p>\n\n\n\n<p>La provincia lanz\u00f3 sus propuestas de Verano Activo para la temporada 2022-2023, en la Casa de Misiones ubicada en la Ciudad de Buenos Aires. Se trata de la oferta tur\u00edstica que tiene Misiones y las ofertas de alojamientos en la naturaleza, como glampings, caba\u00f1as y lodges del gran \u201chotel verde\u201d.<\/p>\n\n\n\n<p>Verano Activo tiene como objetivo fortalecer el perfil tur\u00edstico de la provincia, ampliar la atenci\u00f3n e invitar a los visitantes de diferentes puntos del pa\u00eds. Con un abanico de actividades, servicios gastron\u00f3micos y hoteleros, los turistas podr\u00e1n recorrer la provincia y vivir sus vacaciones en contacto con la exuberante naturaleza. La invitaci\u00f3n a quienes visiten es descubrir la Regi\u00f3n del Mocon\u00e1 y Selva Misionera.<\/p>\n\n\n\n<h5 class=\"wp-block-heading\">Potenciar el sector<\/h5>\n\n\n\n<p>Durante la presentaci\u00f3n, el ministro de Turismo, Jos\u00e9 Mar\u00eda Arr\u00faa, destac\u00f3 el acompa\u00f1amiento de los municipios, la provincia y la naci\u00f3n. \u201cEso demuestra el valor pol\u00edtico que tiene el turismo y, que en Misiones, es pol\u00edtica de Estado. Hoy creo que no somos naci\u00f3n y provincia, sino m\u00e1s bien naci\u00f3n m\u00e1s provincia, nos complementamos y potenciamos\u201d, afirm\u00f3.<\/p>\n\n\n\n<figure class=\"wp-block-image\"><img decoding=\"async\" src=\"https:\/\/i0.wp.com\/canal12misiones.com\/wp-content\/uploads\/2022\/11\/miuki-weeeb.jpeg?resize=1024%2C576&amp;ssl=1\" alt=\"\" class=\"wp-image-146137\"\/><figcaption><strong><em>Miuki Madelaire, Roque Soboczinski, Jos\u00e9 Mar\u00eda Arr\u00faa y Esteban Bruno en la presentaci\u00f3n de \u201cVerano Activo\u201d<\/em><\/strong><\/figcaption><\/figure>\n\n\n\n<p>Por su parte, Miuki Madelaire, directora de Turismo en la Casa de Misiones, destac\u00f3 el crecimiento de la provincia en rubro turismo rural y de selva. \u201cEs muy destacable, la provincia tiene propuestas de alojamiento, de innovaci\u00f3n y de actividades, que vemos adem\u00e1s no de manera concentrada, sino en diferentes localidades\u201d, expres\u00f3.<\/p>\n\n\n\n<p>En tanto, el titular de la Unidad Ejecutora Promover Turismo Federal y Sostenible, Esteban Bruno, felicit\u00f3 a la provincia por \u201ctodo lo que han hecho, demostrado y c\u00f3mo trabajan de manera articulada entre diferentes \u00e1reas\u201d.<\/p>\n\n\n\n<p>Fuente: Canal 12 <\/p>\n","protected":false},"excerpt":{"rendered":"<p>Se present\u00f3 en CABA la temporada de verano 2022-2023. Productos, servicios y experiencias son las ofertas para las<\/p>\n","protected":false},"author":3,"featured_media":867,"comment_status":"closed","ping_status":"closed","sticky":false,"template":"","format":"standard","meta":{"footnotes":""},"categories":[18],"tags":[],"class_list":["post-17480","post","type-post","status-publish","format-standard","has-post-thumbnail","hentry","category-turismo"],"featured_image_urls":{"full":["https:\/\/misionescuatro.com.ar\/wp-content\/uploads\/2019\/04\/cataratas-iguazu.jpg",900,598,false],"thumbnail":["https:\/\/misionescuatro.com.ar\/wp-content\/uploads\/2019\/04\/cataratas-iguazu-150x150.jpg",150,150,true],"medium":["https:\/\/misionescuatro.com.ar\/wp-content\/uploads\/2019\/04\/cataratas-iguazu-300x199.jpg",300,199,true],"medium_large":["https:\/\/misionescuatro.com.ar\/wp-content\/uploads\/2019\/04\/cataratas-iguazu-768x510.jpg",640,425,true],"large":["https:\/\/misionescuatro.com.ar\/wp-content\/uploads\/2019\/04\/cataratas-iguazu.jpg",640,425,false],"1536x1536":["https:\/\/misionescuatro.com.ar\/wp-content\/uploads\/2019\/04\/cataratas-iguazu.jpg",900,598,false],"2048x2048":["https:\/\/misionescuatro.com.ar\/wp-content\/uploads\/2019\/04\/cataratas-iguazu.jpg",900,598,false],"wptouch-new-thumbnail":["https:\/\/misionescuatro.com.ar\/wp-content\/uploads\/2019\/04\/cataratas-iguazu.jpg",144,96,false],"morenews-featured":["https:\/\/misionescuatro.com.ar\/wp-content\/uploads\/2019\/04\/cataratas-iguazu.jpg",900,598,false],"morenews-large":["https:\/\/misionescuatro.com.ar\/wp-content\/uploads\/2019\/04\/cataratas-iguazu.jpg",825,548,false],"morenews-medium":["https:\/\/misionescuatro.com.ar\/wp-content\/uploads\/2019\/04\/cataratas-iguazu.jpg",590,392,false]},"author_info":{"info":["Admin"]},"category_info":"<a href=\"https:\/\/misionescuatro.com.ar\/?cat=18\" rel=\"category\">Turismo<\/a>","tag_info":"Turismo","comment_count":"0","_links":{"self":[{"href":"https:\/\/misionescuatro.com.ar\/index.php?rest_route=\/wp\/v2\/posts\/17480","targetHints":{"allow":["GET"]}}],"collection":[{"href":"https:\/\/misionescuatro.com.ar\/index.php?rest_route=\/wp\/v2\/posts"}],"about":[{"href":"https:\/\/misionescuatro.com.ar\/index.php?rest_route=\/wp\/v2\/types\/post"}],"author":[{"embeddable":true,"href":"https:\/\/misionescuatro.com.ar\/index.php?rest_route=\/wp\/v2\/users\/3"}],"replies":[{"embeddable":true,"href":"https:\/\/misionescuatro.com.ar\/index.php?rest_route=%2Fwp%2Fv2%2Fcomments&post=17480"}],"version-history":[{"count":1,"href":"https:\/\/misionescuatro.com.ar\/index.php?rest_route=\/wp\/v2\/posts\/17480\/revisions"}],"predecessor-version":[{"id":17481,"href":"https:\/\/misionescuatro.com.ar\/index.php?rest_route=\/wp\/v2\/posts\/17480\/revisions\/17481"}],"wp:featuredmedia":[{"embeddable":true,"href":"https:\/\/misionescuatro.com.ar\/index.php?rest_route=\/wp\/v2\/media\/867"}],"wp:attachment":[{"href":"https:\/\/misionescuatro.com.ar\/index.php?rest_route=%2Fwp%2Fv2%2Fmedia&parent=17480"}],"wp:term":[{"taxonomy":"category","embeddable":true,"href":"https:\/\/misionescuatro.com.ar\/index.php?rest_route=%2Fwp%2Fv2%2Fcategories&post=17480"},{"taxonomy":"post_tag","embeddable":true,"href":"https:\/\/misionescuatro.com.ar\/index.php?rest_route=%2Fwp%2Fv2%2Ftags&post=17480"}],"curies":[{"name":"wp","href":"https:\/\/api.w.org\/{rel}","templated":true}]}}