{"id":18471,"date":"2023-02-08T16:05:48","date_gmt":"2023-02-08T16:05:48","guid":{"rendered":"http:\/\/misionescuatro.com.ar\/?p=18471"},"modified":"2024-12-27T15:33:30","modified_gmt":"2024-12-27T15:33:30","slug":"carrio-confirmo-que-sera-candidata-a-presidente","status":"publish","type":"post","link":"https:\/\/misionescuatro.com.ar\/?p=18471","title":{"rendered":"Carri\u00f3 confirm\u00f3 que ser\u00e1 candidata a presidente"},"content":{"rendered":"\n<p>La l\u00edder de la Coalici\u00f3n C\u00edvica ratific\u00f3 su decisi\u00f3n de ir por la presidencia en las pr\u00f3ximas elecciones. Revel\u00f3 que \u00abest\u00e1 trabajando para eso\u00bb y as\u00ed sum\u00f3 m\u00e1s tensi\u00f3n a la interna de la oposici\u00f3n por las candidaturas.<\/p>\n\n\n\n<p><strong>Elisa Carri\u00f3<\/strong>&nbsp;habl\u00f3 este mi\u00e9rcoles y ya tom\u00f3 una decisi\u00f3n: confirm\u00f3 que ser\u00e1 candidata en las&nbsp;<strong>elecciones 2023&nbsp;<\/strong>. Los comentarios de la l\u00edder de la&nbsp;<strong>Coalici\u00f3n C\u00edvica (CC)<\/strong>&nbsp;ponen la interna de&nbsp;<strong>Juntos por el Cambio (JxC)<\/strong>&nbsp;al rojo vivo.<\/p>\n\n\n\n<p>En declaraciones radiales, Carri\u00f3 asegur\u00f3 este mi\u00e9rcoles:&nbsp;<strong>\u00ab\u201cYo pretendo que haya una gran oferta electoral en materia presidencial y de gobernadores, y unidad para las listas de legisladores\u201d<\/strong>, manifest\u00f3.<\/p>\n\n\n\n<p>Los comentarios de&nbsp;<strong>Lilita<\/strong>&nbsp;suman tensi\u00f3n a la disputa dentro de<strong>&nbsp;JxC por las candidaturas<\/strong>. En ese sentido, la referente de la<strong>&nbsp;CC&nbsp;<\/strong>no descart\u00f3 pelear por la presidencia:&nbsp;<strong>\u00abSer\u00eda candidata a presidente. Quiero lograr la unidad de las listas. Yo soy fundadora de Juntos por el Cambio, el primer objetivo es lograr la unidad de todos\u00bb<\/strong>, justific\u00f3 la dirigente en di\u00e1logo con Urbana Play.<\/p>\n\n\n\n<p>Sobre el planteo de ser candidata a presidenta, Carri\u00f3 sostuvo que lo har\u00e1 \u201cno solamente por querer ganar o querer ser presidente\u201d, sino porque tiene \u201cun objetivo muy claro\u201d, manifest\u00f3.<\/p>\n\n\n\n<p>En esa l\u00ednea, la exdiputada remarc\u00f3 la necesidad de la<strong>&nbsp;\u201cunidad\u201d&nbsp;<\/strong>de la oposici\u00f3n, como eje de la estrategia electoral de&nbsp;<strong>JxC<\/strong>:&nbsp;<strong>\u00abQuiero lograr la mayor unidad posible y la mayor amistad posible de un verdadero gobierno de coalici\u00f3n para que no haya internas\u201d,<\/strong>&nbsp;expres\u00f3.<\/p>\n\n\n\n<p>En otro momento de la entrevista, destac\u00f3 que el gobernador juje\u00f1o y presidente de la UCR,&nbsp;<strong>Gerardo Morales<\/strong>, \u201cva a ser candidato a presidente\u201d. All\u00ed remarc\u00f3 que&nbsp;<strong>\u201ctodas las reuniones que yo tengo son para acordar puntos de acuerdo\u00bb<\/strong>, revel\u00f3. En las \u00faltimas semanas, hubo contactos y reuniones con el equipo del referente radical, donde se vieron acercamientos, pensando en las elecciones 2023.<\/p>\n\n\n\n<p><strong>Fuente: Agencia Hoy <\/strong><\/p>\n","protected":false},"excerpt":{"rendered":"<p>La l\u00edder de la Coalici\u00f3n C\u00edvica ratific\u00f3 su decisi\u00f3n de ir por la presidencia en las pr\u00f3ximas elecciones.<\/p>\n","protected":false},"author":3,"featured_media":18472,"comment_status":"closed","ping_status":"closed","sticky":false,"template":"","format":"standard","meta":{"footnotes":""},"categories":[14],"tags":[],"class_list":["post-18471","post","type-post","status-publish","format-standard","has-post-thumbnail","hentry","category-politica"],"featured_image_urls":{"full":["https:\/\/misionescuatro.com.ar\/wp-content\/uploads\/2023\/02\/Carrio.jpg",900,600,false],"thumbnail":["https:\/\/misionescuatro.com.ar\/wp-content\/uploads\/2023\/02\/Carrio-150x150.jpg",150,150,true],"medium":["https:\/\/misionescuatro.com.ar\/wp-content\/uploads\/2023\/02\/Carrio-300x200.jpg",300,200,true],"medium_large":["https:\/\/misionescuatro.com.ar\/wp-content\/uploads\/2023\/02\/Carrio-768x512.jpg",640,427,true],"large":["https:\/\/misionescuatro.com.ar\/wp-content\/uploads\/2023\/02\/Carrio.jpg",640,427,false],"1536x1536":["https:\/\/misionescuatro.com.ar\/wp-content\/uploads\/2023\/02\/Carrio.jpg",900,600,false],"2048x2048":["https:\/\/misionescuatro.com.ar\/wp-content\/uploads\/2023\/02\/Carrio.jpg",900,600,false],"wptouch-new-thumbnail":["https:\/\/misionescuatro.com.ar\/wp-content\/uploads\/2023\/02\/Carrio.jpg",144,96,false],"morenews-featured":["https:\/\/misionescuatro.com.ar\/wp-content\/uploads\/2023\/02\/Carrio.jpg",900,600,false],"morenews-large":["https:\/\/misionescuatro.com.ar\/wp-content\/uploads\/2023\/02\/Carrio.jpg",825,550,false],"morenews-medium":["https:\/\/misionescuatro.com.ar\/wp-content\/uploads\/2023\/02\/Carrio.jpg",590,393,false]},"author_info":{"info":["Admin"]},"category_info":"<a href=\"https:\/\/misionescuatro.com.ar\/?cat=14\" rel=\"category\">Pol\u00edtica<\/a>","tag_info":"Pol\u00edtica","comment_count":"0","_links":{"self":[{"href":"https:\/\/misionescuatro.com.ar\/index.php?rest_route=\/wp\/v2\/posts\/18471","targetHints":{"allow":["GET"]}}],"collection":[{"href":"https:\/\/misionescuatro.com.ar\/index.php?rest_route=\/wp\/v2\/posts"}],"about":[{"href":"https:\/\/misionescuatro.com.ar\/index.php?rest_route=\/wp\/v2\/types\/post"}],"author":[{"embeddable":true,"href":"https:\/\/misionescuatro.com.ar\/index.php?rest_route=\/wp\/v2\/users\/3"}],"replies":[{"embeddable":true,"href":"https:\/\/misionescuatro.com.ar\/index.php?rest_route=%2Fwp%2Fv2%2Fcomments&post=18471"}],"version-history":[{"count":1,"href":"https:\/\/misionescuatro.com.ar\/index.php?rest_route=\/wp\/v2\/posts\/18471\/revisions"}],"predecessor-version":[{"id":18473,"href":"https:\/\/misionescuatro.com.ar\/index.php?rest_route=\/wp\/v2\/posts\/18471\/revisions\/18473"}],"wp:featuredmedia":[{"embeddable":true,"href":"https:\/\/misionescuatro.com.ar\/index.php?rest_route=\/wp\/v2\/media\/18472"}],"wp:attachment":[{"href":"https:\/\/misionescuatro.com.ar\/index.php?rest_route=%2Fwp%2Fv2%2Fmedia&parent=18471"}],"wp:term":[{"taxonomy":"category","embeddable":true,"href":"https:\/\/misionescuatro.com.ar\/index.php?rest_route=%2Fwp%2Fv2%2Fcategories&post=18471"},{"taxonomy":"post_tag","embeddable":true,"href":"https:\/\/misionescuatro.com.ar\/index.php?rest_route=%2Fwp%2Fv2%2Ftags&post=18471"}],"curies":[{"name":"wp","href":"https:\/\/api.w.org\/{rel}","templated":true}]}}