{"id":18663,"date":"2023-02-15T19:06:38","date_gmt":"2023-02-15T19:06:38","guid":{"rendered":"http:\/\/misionescuatro.com.ar\/?p=18663"},"modified":"2024-12-27T15:33:25","modified_gmt":"2024-12-27T15:33:25","slug":"fiesta-nacional-del-te-en-campo-viera-conoce-quienes-son-los-artistas-que-actuaran","status":"publish","type":"post","link":"https:\/\/misionescuatro.com.ar\/?p=18663","title":{"rendered":"Fiesta Nacional del T\u00e9 en Campo Viera: Conoce quienes son los artistas que actuar\u00e1n"},"content":{"rendered":"\n<p>En esta edici\u00f3n conmemorar\u00e1n los 100 a\u00f1os de la producci\u00f3n del 17 al 19 y del 23 al 26 de febrero. Habr\u00e1 artistas de renombre local y nacional; como tambi\u00e9n espacio de expositores y elecci\u00f3n de la reina.<\/p>\n\n\n\n<p>El cronograma de actividades de la Fiesta Nacional del T\u00e9 en Campo Viera brinda una grilla tanto de artistas, capacitaciones y la cl\u00e1sica exposici\u00f3n que acompa\u00f1a a todas las personas que quieran ver los productos locales.<\/p>\n\n\n\n<p>Se celebrar\u00e1n 33 a\u00f1os de la&nbsp;<strong>Fiesta Nacional del T\u00e9<\/strong>&nbsp;en dos etapas. La primera comenzar\u00e1 este viernes a las 19 horas con el acto inaugural. La composici\u00f3n tendr\u00e1 a artistas de&nbsp;<strong>Rogerio Magr\u00e3o e Banda<\/strong>. El s\u00e1bado estar\u00e1&nbsp;<strong>Cuti Carabajal con su grupo y \u201cEl Negro \u00c1lvarez\u201d<\/strong>. El domingo estar\u00e1&nbsp;<strong>Pi\u00f1\u00f3n Fijo<\/strong>&nbsp;con su equipo La lecci\u00f3n mis brotitos.<ins><\/ins><\/p>\n\n\n\n<p>La segunda etapa continuar\u00e1 el 23 de febrero con el 87\u00b0 aniversario del&nbsp;<strong>Campo Viera.&nbsp;<\/strong>Acompa\u00f1ar\u00e1n la velada<strong>&nbsp;Los hermanos N\u00fa\u00f1ez<\/strong>&nbsp;con sus 30 a\u00f1os de trabajo. \u201c<strong>Es una emoci\u00f3n volver al pueblo, en esta edici\u00f3n tan especial porque se cumplen 100 a\u00f1os de la llegada de la primera semilla a la Argentina<\/strong>\u201c, coment\u00f3&nbsp;<strong>Juan N\u00fa\u00f1ez<\/strong>.<\/p>\n\n\n\n<p>El viernes ser\u00e1 la noche de la juventud, donde la famosa banda de cumbia&nbsp;<strong>Los Totora<\/strong>&nbsp;ser\u00e1n el plato principal. El s\u00e1bado siguiente continuar\u00e1 con la presencia de<strong>&nbsp;Jaf<\/strong>&nbsp;en la noche de la elecci\u00f3n de la reina. Tambi\u00e9n estar\u00e1 presente&nbsp;<strong>\u201dRulo\u201d Esp\u00edndola<\/strong>&nbsp;con su humor.<\/p>\n\n\n\n<p>La festividad finalizar\u00e1 el 26 de febrero con el almuerzo hotelero donde habr\u00e1 distintos artistas locales como&nbsp;<strong>RP2000 y Cristian y La Ruta.<\/strong><\/p>\n\n\n\n<p>Tambi\u00e9n se podr\u00e1 acceder a la grilla art\u00edstica junto con las entradas para acceder al evento a trav\u00e9s de: campoviera.boleteriadigital.com.ar<\/p>\n\n\n\n<p><\/p>\n\n\n\n<p><strong>Fuente: Agencia Hoy <\/strong><\/p>\n\n\n\n<p><br><\/p>\n","protected":false},"excerpt":{"rendered":"<p>En esta edici\u00f3n conmemorar\u00e1n los 100 a\u00f1os de la producci\u00f3n del 17 al 19 y del 23 al<\/p>\n","protected":false},"author":3,"featured_media":18664,"comment_status":"closed","ping_status":"closed","sticky":false,"template":"","format":"standard","meta":{"footnotes":""},"categories":[3],"tags":[],"class_list":["post-18663","post","type-post","status-publish","format-standard","has-post-thumbnail","hentry","category-provinciales"],"featured_image_urls":{"full":["https:\/\/misionescuatro.com.ar\/wp-content\/uploads\/2023\/02\/fiesta-de-te.jpg",900,600,false],"thumbnail":["https:\/\/misionescuatro.com.ar\/wp-content\/uploads\/2023\/02\/fiesta-de-te-150x150.jpg",150,150,true],"medium":["https:\/\/misionescuatro.com.ar\/wp-content\/uploads\/2023\/02\/fiesta-de-te-300x200.jpg",300,200,true],"medium_large":["https:\/\/misionescuatro.com.ar\/wp-content\/uploads\/2023\/02\/fiesta-de-te-768x512.jpg",640,427,true],"large":["https:\/\/misionescuatro.com.ar\/wp-content\/uploads\/2023\/02\/fiesta-de-te.jpg",640,427,false],"1536x1536":["https:\/\/misionescuatro.com.ar\/wp-content\/uploads\/2023\/02\/fiesta-de-te.jpg",900,600,false],"2048x2048":["https:\/\/misionescuatro.com.ar\/wp-content\/uploads\/2023\/02\/fiesta-de-te.jpg",900,600,false],"wptouch-new-thumbnail":["https:\/\/misionescuatro.com.ar\/wp-content\/uploads\/2023\/02\/fiesta-de-te.jpg",144,96,false],"morenews-featured":["https:\/\/misionescuatro.com.ar\/wp-content\/uploads\/2023\/02\/fiesta-de-te.jpg",900,600,false],"morenews-large":["https:\/\/misionescuatro.com.ar\/wp-content\/uploads\/2023\/02\/fiesta-de-te.jpg",825,550,false],"morenews-medium":["https:\/\/misionescuatro.com.ar\/wp-content\/uploads\/2023\/02\/fiesta-de-te.jpg",590,393,false]},"author_info":{"info":["Admin"]},"category_info":"<a href=\"https:\/\/misionescuatro.com.ar\/?cat=3\" rel=\"category\">Provinciales<\/a>","tag_info":"Provinciales","comment_count":"0","_links":{"self":[{"href":"https:\/\/misionescuatro.com.ar\/index.php?rest_route=\/wp\/v2\/posts\/18663","targetHints":{"allow":["GET"]}}],"collection":[{"href":"https:\/\/misionescuatro.com.ar\/index.php?rest_route=\/wp\/v2\/posts"}],"about":[{"href":"https:\/\/misionescuatro.com.ar\/index.php?rest_route=\/wp\/v2\/types\/post"}],"author":[{"embeddable":true,"href":"https:\/\/misionescuatro.com.ar\/index.php?rest_route=\/wp\/v2\/users\/3"}],"replies":[{"embeddable":true,"href":"https:\/\/misionescuatro.com.ar\/index.php?rest_route=%2Fwp%2Fv2%2Fcomments&post=18663"}],"version-history":[{"count":1,"href":"https:\/\/misionescuatro.com.ar\/index.php?rest_route=\/wp\/v2\/posts\/18663\/revisions"}],"predecessor-version":[{"id":18665,"href":"https:\/\/misionescuatro.com.ar\/index.php?rest_route=\/wp\/v2\/posts\/18663\/revisions\/18665"}],"wp:featuredmedia":[{"embeddable":true,"href":"https:\/\/misionescuatro.com.ar\/index.php?rest_route=\/wp\/v2\/media\/18664"}],"wp:attachment":[{"href":"https:\/\/misionescuatro.com.ar\/index.php?rest_route=%2Fwp%2Fv2%2Fmedia&parent=18663"}],"wp:term":[{"taxonomy":"category","embeddable":true,"href":"https:\/\/misionescuatro.com.ar\/index.php?rest_route=%2Fwp%2Fv2%2Fcategories&post=18663"},{"taxonomy":"post_tag","embeddable":true,"href":"https:\/\/misionescuatro.com.ar\/index.php?rest_route=%2Fwp%2Fv2%2Ftags&post=18663"}],"curies":[{"name":"wp","href":"https:\/\/api.w.org\/{rel}","templated":true}]}}