{"id":18778,"date":"2023-02-23T18:22:18","date_gmt":"2023-02-23T18:22:18","guid":{"rendered":"http:\/\/misionescuatro.com.ar\/?p=18778"},"modified":"2024-12-27T15:33:22","modified_gmt":"2024-12-27T15:33:22","slug":"en-marzo-implementan-la-zona-aduanera-especial-con-el-dolar-diferencial","status":"publish","type":"post","link":"https:\/\/misionescuatro.com.ar\/?p=18778","title":{"rendered":"En marzo implementan la zona aduanera especial con el d\u00f3lar diferencial"},"content":{"rendered":"\n<p><em><strong>Herrera Ahuad se reuni\u00f3 con Sergio Massa para avanzar en la implementaci\u00f3n. El ministro de Hacienda explic\u00f3 que el cambio diferencial beneficiar\u00e1 a la forestoindustria y el tabaco. Tambi\u00e9n avanzan en la reducci\u00f3n del precio para la venta de gas envasado en Misiones.<\/strong><\/em><\/p>\n\n\n\n<p>El ministro de Hacienda de Misiones,&nbsp;<strong>Adolfo Safr\u00e1n<\/strong>, revel\u00f3 los detalles de la reuni\u00f3n que mantuvo d\u00edas atr\u00e1s el gobernador,&nbsp;<strong>Oscar Herrera Ahuad<\/strong>, con el ministro de Econom\u00eda de la Naci\u00f3n,&nbsp;<strong>Sergio Massa<\/strong>, donde lograron avanzar en la&nbsp;<strong>reglamentaci\u00f3n de la Zona Aduanera Especial (ZAE)<\/strong>. Detall\u00f3 que, entre otros incentivos econ\u00f3micos, acordaron fijar un d\u00f3lar com\u00fan de exportaci\u00f3n para las industrias de la madera, tabaco, t\u00e9 y la yerba mate. Adem\u00e1s, las&nbsp;<em>fintech<\/em>&nbsp;y pymes tecnol\u00f3gicas de Misiones recibir\u00e1n beneficios financieros.<\/p>\n\n\n\n<figure class=\"wp-block-image\"><img decoding=\"async\" src=\"https:\/\/i0.wp.com\/canal12misiones.com\/wp-content\/uploads\/2022\/10\/puente-internacional.jpg?resize=1024%2C492&amp;ssl=1\" alt=\"\" class=\"wp-image-116657\"\/><figcaption>La Zona Aduanera Especial permitir\u00e1 a Misiones competir con las asimetr\u00edas econ\u00f3micas que mantiene con Paraguay y Brasil. Foto: internet.<\/figcaption><\/figure>\n\n\n\n<p>En ese sentido, el titular de la cartera econ\u00f3mica explic\u00f3 que las gestiones apuntan a la forestoindustria y el tabaco \u201cporque son las actividades m\u00e1s complicadas por diferentes factores como el contrabando o la ca\u00edda de la demanda internacional\u201d. Por ello, se opt\u00f3 por elegir un tipo de cambio diferencial porque<strong>&nbsp;genera un mayor impacto en la rentabilidad<\/strong>, \u201cmuy por encima de lo que se conseguir\u00eda mediante una eliminaci\u00f3n de las retenciones a las exportaciones\u201d.<\/p>\n\n\n\n<p>La posibilidad de que estos sectores puedan exportar a un tipo de cambio mayor, en t\u00e9rminos de rentabilidad, \u201ces mucho mejor que bajarle seis puntos de retenciones al tabaco o cuatro puntos a la exportaci\u00f3n de la forestoindustria\u201d, analiz\u00f3 Safr\u00e1n.<\/p>\n\n\n\n<figure class=\"wp-block-image\"><img decoding=\"async\" src=\"https:\/\/i0.wp.com\/canal12misiones.com\/wp-content\/uploads\/2022\/11\/1-10.jpg?resize=1024%2C686&amp;ssl=1\" alt=\"\" class=\"wp-image-142592\"\/><figcaption>La implementaci\u00f3n de un d\u00f3lar diferencial permitir\u00e1 al sector forestoindustrial fortalecer sus niveles de exportaci\u00f3n. Foto: canal 12.<\/figcaption><\/figure>\n\n\n\n<h3 class=\"wp-block-heading\">Precio diferencial para el gas envasado<\/h3>\n\n\n\n<p>Por otra parte, el titular del \u00e1rea econ\u00f3mica provincial adelant\u00f3 que, entre los beneficios de la norma,&nbsp;<strong>incluyeron la implementaci\u00f3n de un precio diferencial para el gas envasado<\/strong>. De esta manera, a trav\u00e9s de la quita de impuestos para el producto envasado en garrafas,&nbsp;<strong>las familias podr\u00e1n acceder a un mejor precio<\/strong>. Aclar\u00f3 que tuvieron en cuenta \u201clas asimetr\u00edas que tenemos no tanto con Brasil o Paraguay, pero si con otras provincias\u201d.<\/p>\n\n\n\n<p>Al referirse al m\u00e9todo de implementaci\u00f3n de la medida, coment\u00f3 que analizan diferentes mecanismos para lograr que el precio que reciben las distribuidoras sea sin el componente impositivo. \u201cAs\u00ed, al momento de salir de la boca de expendio, el producto ya se comercializar\u00e1 a un costo reducido\u201d, afirm\u00f3 Safr\u00e1n.<\/p>\n\n\n\n<figure class=\"wp-block-image\"><img decoding=\"async\" src=\"https:\/\/i0.wp.com\/canal12misiones.com\/wp-content\/uploads\/2022\/05\/garrafa.jpg?resize=1024%2C681&amp;ssl=1\" alt=\"\" class=\"wp-image-73141\"\/><figcaption>La reducci\u00f3n de impuestos en el gas envasado permitir\u00e1 a las familias acceder a un producto con mejores precios. Foto: canal 12.<\/figcaption><\/figure>\n\n\n\n<h3 class=\"wp-block-heading\">Cada vez m\u00e1s cerca del lanzamiento<\/h3>\n\n\n\n<p>Sobre la fecha estipulada para el lanzamiento de la herramienta para combatir las asimetr\u00edas econ\u00f3micas,<strong>&nbsp;Safr\u00e1n<\/strong>&nbsp;confirm\u00f3 que se realizar\u00e1 en los pr\u00f3ximos d\u00edas. \u201cEntendemos que<strong>&nbsp;la semana que viene o la otra podr\u00edamos tener un tipo de definici\u00f3n concreta<\/strong>\u201c, asegur\u00f3. Por otra parte, coment\u00f3 que Sergio Massa mostr\u00f3 inter\u00e9s en estar en Misiones al momento del anuncio, pero su agenda por la actualidad econ\u00f3mica nacional complica estipular una fecha concreta.<\/p>\n\n\n\n<p>Por \u00faltimo, destac\u00f3 el compromiso del ministro de Econom\u00eda de Naci\u00f3n \u201cpara seguir avanzando en esta agenda de temas que son tan importantes para\u00a0<strong>fortalecer el desarrollo productivo de Misiones<\/strong>\u201c. Tambi\u00e9n valor\u00f3 las gestiones del gobernador para concretar su implementaci\u00f3n.<\/p>\n\n\n\n<p><strong>Fuente: Canal 12 <\/strong><\/p>\n","protected":false},"excerpt":{"rendered":"<p>Herrera Ahuad se reuni\u00f3 con Sergio Massa para avanzar en la implementaci\u00f3n. El ministro de Hacienda explic\u00f3 que<\/p>\n","protected":false},"author":3,"featured_media":18779,"comment_status":"closed","ping_status":"closed","sticky":false,"template":"","format":"standard","meta":{"footnotes":""},"categories":[12],"tags":[],"class_list":["post-18778","post","type-post","status-publish","format-standard","has-post-thumbnail","hentry","category-local"],"featured_image_urls":{"full":["https:\/\/misionescuatro.com.ar\/wp-content\/uploads\/2023\/02\/zona-aduanera.jpg",1089,730,false],"thumbnail":["https:\/\/misionescuatro.com.ar\/wp-content\/uploads\/2023\/02\/zona-aduanera-150x150.jpg",150,150,true],"medium":["https:\/\/misionescuatro.com.ar\/wp-content\/uploads\/2023\/02\/zona-aduanera-300x201.jpg",300,201,true],"medium_large":["https:\/\/misionescuatro.com.ar\/wp-content\/uploads\/2023\/02\/zona-aduanera-768x515.jpg",640,429,true],"large":["https:\/\/misionescuatro.com.ar\/wp-content\/uploads\/2023\/02\/zona-aduanera.jpg",640,429,false],"1536x1536":["https:\/\/misionescuatro.com.ar\/wp-content\/uploads\/2023\/02\/zona-aduanera.jpg",1089,730,false],"2048x2048":["https:\/\/misionescuatro.com.ar\/wp-content\/uploads\/2023\/02\/zona-aduanera.jpg",1089,730,false],"wptouch-new-thumbnail":["https:\/\/misionescuatro.com.ar\/wp-content\/uploads\/2023\/02\/zona-aduanera.jpg",144,97,false],"morenews-featured":["https:\/\/misionescuatro.com.ar\/wp-content\/uploads\/2023\/02\/zona-aduanera.jpg",1024,686,false],"morenews-large":["https:\/\/misionescuatro.com.ar\/wp-content\/uploads\/2023\/02\/zona-aduanera.jpg",825,553,false],"morenews-medium":["https:\/\/misionescuatro.com.ar\/wp-content\/uploads\/2023\/02\/zona-aduanera.jpg",590,396,false]},"author_info":{"info":["Admin"]},"category_info":"<a href=\"https:\/\/misionescuatro.com.ar\/?cat=12\" rel=\"category\">Local<\/a>","tag_info":"Local","comment_count":"0","_links":{"self":[{"href":"https:\/\/misionescuatro.com.ar\/index.php?rest_route=\/wp\/v2\/posts\/18778","targetHints":{"allow":["GET"]}}],"collection":[{"href":"https:\/\/misionescuatro.com.ar\/index.php?rest_route=\/wp\/v2\/posts"}],"about":[{"href":"https:\/\/misionescuatro.com.ar\/index.php?rest_route=\/wp\/v2\/types\/post"}],"author":[{"embeddable":true,"href":"https:\/\/misionescuatro.com.ar\/index.php?rest_route=\/wp\/v2\/users\/3"}],"replies":[{"embeddable":true,"href":"https:\/\/misionescuatro.com.ar\/index.php?rest_route=%2Fwp%2Fv2%2Fcomments&post=18778"}],"version-history":[{"count":1,"href":"https:\/\/misionescuatro.com.ar\/index.php?rest_route=\/wp\/v2\/posts\/18778\/revisions"}],"predecessor-version":[{"id":18780,"href":"https:\/\/misionescuatro.com.ar\/index.php?rest_route=\/wp\/v2\/posts\/18778\/revisions\/18780"}],"wp:featuredmedia":[{"embeddable":true,"href":"https:\/\/misionescuatro.com.ar\/index.php?rest_route=\/wp\/v2\/media\/18779"}],"wp:attachment":[{"href":"https:\/\/misionescuatro.com.ar\/index.php?rest_route=%2Fwp%2Fv2%2Fmedia&parent=18778"}],"wp:term":[{"taxonomy":"category","embeddable":true,"href":"https:\/\/misionescuatro.com.ar\/index.php?rest_route=%2Fwp%2Fv2%2Fcategories&post=18778"},{"taxonomy":"post_tag","embeddable":true,"href":"https:\/\/misionescuatro.com.ar\/index.php?rest_route=%2Fwp%2Fv2%2Ftags&post=18778"}],"curies":[{"name":"wp","href":"https:\/\/api.w.org\/{rel}","templated":true}]}}