{"id":18792,"date":"2023-02-24T17:06:58","date_gmt":"2023-02-24T17:06:58","guid":{"rendered":"http:\/\/misionescuatro.com.ar\/?p=18792"},"modified":"2024-12-27T15:33:22","modified_gmt":"2024-12-27T15:33:22","slug":"scioli-lanzo-su-precandidatura-presidencial-en-el-frente-de-todos","status":"publish","type":"post","link":"https:\/\/misionescuatro.com.ar\/?p=18792","title":{"rendered":"Scioli lanz\u00f3 su precandidatura presidencial en el Frente de Todos"},"content":{"rendered":"\n<p>Daniel Scioli lanz\u00f3 su precandidatura presidencial para el Frente de Todos y dijo saber lo que \u201cnecesita\u201d el pa\u00eds.<\/p>\n\n\n\n<p>\u201cEl \u2018cuenten conmigo\u2019 es ac\u00e1 estoy con mi experiencia para hacer lo que haya que hacer\u201d, enfatiz\u00f3 el embajador argentino en Brasil, donde ante la repregunta acerca de si ser\u00e1 candidato a presidente por el Frente de Todos respondi\u00f3: \u201cObviamente. Precandidato porque sabemos que hay que atravesar las PASO\u201d.En ese marco, el ex gobernador bonaerense precis\u00f3: \u201cYo no puedo ser indiferente, nunca lo fui. Tampoco puedo encarar algo si no estoy convencido, m\u00e1s a esta altura de mi vida, de que lo puedo hacer bien, que puedo darle un buen servicio al pa\u00eds y cumplir las expectativas\u201d.<\/p>\n\n\n\n<p>\u201cYo s\u00e9 lo que el pa\u00eds necesita, yo s\u00e9 lo que la gente quiere\u201d, subray\u00f3 el dirigente oficialista, quien afirm\u00f3 que \u201ccada ciclo democr\u00e1tico tiene una demanda que se va generando en la sociedad\u201d.<\/p>\n\n\n\n<p>Al respecto, el embajador puntualiz\u00f3: \u201cEn esta oportunidad seguramente la gente busca experiencia, un dador de confianza, de certidumbre, de tranquilidad, que pueda cumplir con ese pre\u00e1mbulo de la Constituci\u00f3n, promover la unidad nacional, que construya sobre lo construido y no venga a romper todo\u201d.<\/p>\n\n\n\n<p>En ese sentido, Scioli argument\u00f3: \u201cLa gente ha visto inclusive mi reacci\u00f3n en la adversidad. La derrota en la elecci\u00f3n o desgracias que he tenido en mi vida\u201d.<\/p>\n\n\n\n<p>\u201cUno, cuando tiene una adversidad, puede enojarse, patalear, chillar o aprender. Y yo me dediqu\u00e9 a aprender. Porque las derrotas son un aprendizaje para entender a la gente y estar actualizado\u201d, asever\u00f3.<\/p>\n\n\n\n<p><strong>Fuente: Revista C\u00f3digos <\/strong><\/p>\n","protected":false},"excerpt":{"rendered":"<p>Daniel Scioli lanz\u00f3 su precandidatura presidencial para el Frente de Todos y dijo saber lo que \u201cnecesita\u201d el<\/p>\n","protected":false},"author":3,"featured_media":18793,"comment_status":"closed","ping_status":"closed","sticky":false,"template":"","format":"standard","meta":{"footnotes":""},"categories":[14],"tags":[],"class_list":["post-18792","post","type-post","status-publish","format-standard","has-post-thumbnail","hentry","category-politica"],"featured_image_urls":{"full":["https:\/\/misionescuatro.com.ar\/wp-content\/uploads\/2023\/02\/Scioli.jpg",696,546,false],"thumbnail":["https:\/\/misionescuatro.com.ar\/wp-content\/uploads\/2023\/02\/Scioli-150x150.jpg",150,150,true],"medium":["https:\/\/misionescuatro.com.ar\/wp-content\/uploads\/2023\/02\/Scioli-300x235.jpg",300,235,true],"medium_large":["https:\/\/misionescuatro.com.ar\/wp-content\/uploads\/2023\/02\/Scioli.jpg",640,502,false],"large":["https:\/\/misionescuatro.com.ar\/wp-content\/uploads\/2023\/02\/Scioli.jpg",640,502,false],"1536x1536":["https:\/\/misionescuatro.com.ar\/wp-content\/uploads\/2023\/02\/Scioli.jpg",696,546,false],"2048x2048":["https:\/\/misionescuatro.com.ar\/wp-content\/uploads\/2023\/02\/Scioli.jpg",696,546,false],"wptouch-new-thumbnail":["https:\/\/misionescuatro.com.ar\/wp-content\/uploads\/2023\/02\/Scioli.jpg",144,113,false],"morenews-featured":["https:\/\/misionescuatro.com.ar\/wp-content\/uploads\/2023\/02\/Scioli.jpg",696,546,false],"morenews-large":["https:\/\/misionescuatro.com.ar\/wp-content\/uploads\/2023\/02\/Scioli.jpg",696,546,false],"morenews-medium":["https:\/\/misionescuatro.com.ar\/wp-content\/uploads\/2023\/02\/Scioli.jpg",523,410,false]},"author_info":{"info":["Admin"]},"category_info":"<a href=\"https:\/\/misionescuatro.com.ar\/?cat=14\" rel=\"category\">Pol\u00edtica<\/a>","tag_info":"Pol\u00edtica","comment_count":"0","_links":{"self":[{"href":"https:\/\/misionescuatro.com.ar\/index.php?rest_route=\/wp\/v2\/posts\/18792","targetHints":{"allow":["GET"]}}],"collection":[{"href":"https:\/\/misionescuatro.com.ar\/index.php?rest_route=\/wp\/v2\/posts"}],"about":[{"href":"https:\/\/misionescuatro.com.ar\/index.php?rest_route=\/wp\/v2\/types\/post"}],"author":[{"embeddable":true,"href":"https:\/\/misionescuatro.com.ar\/index.php?rest_route=\/wp\/v2\/users\/3"}],"replies":[{"embeddable":true,"href":"https:\/\/misionescuatro.com.ar\/index.php?rest_route=%2Fwp%2Fv2%2Fcomments&post=18792"}],"version-history":[{"count":1,"href":"https:\/\/misionescuatro.com.ar\/index.php?rest_route=\/wp\/v2\/posts\/18792\/revisions"}],"predecessor-version":[{"id":18794,"href":"https:\/\/misionescuatro.com.ar\/index.php?rest_route=\/wp\/v2\/posts\/18792\/revisions\/18794"}],"wp:featuredmedia":[{"embeddable":true,"href":"https:\/\/misionescuatro.com.ar\/index.php?rest_route=\/wp\/v2\/media\/18793"}],"wp:attachment":[{"href":"https:\/\/misionescuatro.com.ar\/index.php?rest_route=%2Fwp%2Fv2%2Fmedia&parent=18792"}],"wp:term":[{"taxonomy":"category","embeddable":true,"href":"https:\/\/misionescuatro.com.ar\/index.php?rest_route=%2Fwp%2Fv2%2Fcategories&post=18792"},{"taxonomy":"post_tag","embeddable":true,"href":"https:\/\/misionescuatro.com.ar\/index.php?rest_route=%2Fwp%2Fv2%2Ftags&post=18792"}],"curies":[{"name":"wp","href":"https:\/\/api.w.org\/{rel}","templated":true}]}}