{"id":18985,"date":"2023-03-03T14:05:53","date_gmt":"2023-03-03T14:05:53","guid":{"rendered":"http:\/\/misionescuatro.com.ar\/?p=18985"},"modified":"2024-12-27T15:31:25","modified_gmt":"2024-12-27T15:31:25","slug":"posadas-sera-sede-del-congreso-nacional-de-autismo","status":"publish","type":"post","link":"https:\/\/misionescuatro.com.ar\/?p=18985","title":{"rendered":"Posadas ser\u00e1 sede del Congreso Nacional de Autismo"},"content":{"rendered":"\n<p><strong><em>El evento tendr\u00e1 lugar el pr\u00f3ximo 9 y 10 de marzo en el Hotel Julio C\u00e9sar. Las disertaciones ser\u00e1n sobre el desarrollo del lenguaje, el d\u00e9ficit de atenci\u00f3n e hiperactividad. El Ministerio de Turismo de Misiones declar\u00f3 el encuentro de inter\u00e9s tur\u00edstico.<\/em><\/strong><\/p>\n\n\n\n<p>Afin de brindar un mayor aprendizaje acerca de las habilidades de comunicaci\u00f3n e interacci\u00f3n social de personas con Trastorno Espectro Autista (TEA),&nbsp;<strong>el Servicio Especializado en Estimulaci\u00f3n Neurocognitiva Interdisciplinaria (SEENI) organiza la Primera Edici\u00f3n del Congreso Nacional de Autismo en la provincia.<\/strong><\/p>\n\n\n\n<p>Con ejes que abordar\u00e1n el desarrollo del lenguaje y el d\u00e9ficit de atenci\u00f3n del Trastorno Espectro Autista, la jornada convocar\u00e1 a profesionales de la salud, de la educaci\u00f3n, estudiantes de carreras afines y familiares de personas con autismo. Los mismos se reunir\u00e1n el pr\u00f3ximo jueves 9 y viernes 10 de marzo en el Hotel Julio C\u00e9sar.&nbsp;<strong>\u201cVamos a conversar sobre las intervenciones en el trabajo con familias que tienen alg\u00fan hijo o hija dentro del espectro autista\u201d<\/strong>, explic\u00f3&nbsp;<strong>Gabriela Leoni<\/strong>, co-fundadora de la asociaci\u00f3n civil \u2018salidas inclusivas\u2019.<\/p>\n\n\n\n<figure class=\"wp-block-image\"><img decoding=\"async\" src=\"https:\/\/i0.wp.com\/canal12misiones.com\/wp-content\/uploads\/2023\/03\/Diseno-sin-titulo-35.png?resize=1024%2C576&amp;ssl=1\" alt=\"\" class=\"wp-image-181076\"\/><figcaption>El evento ser\u00e1 el pr\u00f3ximo jueves 9 y viernes 10 de marzo en el Hotel Julio C\u00e9sar.<\/figcaption><\/figure>\n\n\n\n<p><strong>Los trastornos del espectro autista (TEA) son discapacidades del desarrollo causadas por diferencias en el cerebro.<\/strong>&nbsp;Las personas con TEA con frecuencia tienen problemas con la comunicaci\u00f3n y la interacci\u00f3n sociales, y conductas o intereses restrictivos o repetitivos. A fin de reconocer la importancia de la inclusi\u00f3n en la provincia,&nbsp;<strong>el Ministerio de Turismo de Misiones<\/strong>&nbsp;<strong>declar\u00f3 de inter\u00e9s tur\u00edstico el \u201cCongreso Nacional de Autismo\u201d.<\/strong>&nbsp;<strong>El mismo<\/strong>&nbsp;<strong>mediante la Resoluci\u00f3n 025\/23<\/strong>.<\/p>\n\n\n\n<h5 class=\"wp-block-heading\">Trastorno Espectro Autista en el \u00e1mbito escolar<\/h5>\n\n\n\n<p>Desde la organizaci\u00f3n informaron que los temas de abordaje incluyen: Adultez y TEA, identificaci\u00f3n temprana y diagn\u00f3stico. Tambi\u00e9n, intervenci\u00f3n en familia, inclusi\u00f3n y autismo. En tanto, se trabajar\u00e1 las habilidades sociales en el \u00e1mbito escolar, ense\u00f1anza de lectura en trastornos del neurodesarrollo e integraci\u00f3n sensorial. En cuanto a la educaci\u00f3n diversificada se expondr\u00e1 acerca de musicoterapia y el rol de la tecnolog\u00eda.<\/p>\n\n\n\n<p>La disertante,&nbsp;<strong>Eugenia Gomez Novaro<\/strong>, psic\u00f3loga y psicopedagoga, cont\u00f3 que&nbsp;<strong>explicar\u00e1 \u201clas habilidades sociales, c\u00f3mo desarrollar y fortalecer las mismas en las personas con Trastorno Espectro Autista, fundamentalmente en el \u00e1mbito escolar<\/strong>, hablando de que se tratan y de estrategias para poder ayudarlos\u201d, explic\u00f3.<\/p>\n\n\n\n<figure class=\"wp-block-image\"><img decoding=\"async\" src=\"https:\/\/i0.wp.com\/canal12misiones.com\/wp-content\/uploads\/2023\/03\/323425728_5961120573910052_5246069372251371263_n.jpg?resize=720%2C720&amp;ssl=1\" alt=\"\" class=\"wp-image-181074\"\/><\/figure>\n\n\n\n<figure class=\"wp-block-image\"><img decoding=\"async\" src=\"https:\/\/i0.wp.com\/canal12misiones.com\/wp-content\/uploads\/2023\/03\/324187630_866853821197259_2648474190318861624_n.jpg?resize=720%2C720&amp;ssl=1\" alt=\"\"\/><\/figure>\n\n\n\n<p>El encuentro se realizar\u00e1 durante dos jornadas.\u00a0<strong>Los d\u00edas jueves 9 y viernes 10 de marzo en el Hotel Julio C\u00e9sar<\/strong>\u00a0\u2013 Entre R\u00edos 1951, Posadas, Misiones. Las inscripciones est\u00e1n disponibles mediante\u00a0<a href=\"https:\/\/cutt.ly\/fB0O4K3\">formulario online<\/a>.<\/p>\n\n\n\n<p><strong>Fuente: Canal 12 <\/strong><\/p>\n","protected":false},"excerpt":{"rendered":"<p>El evento tendr\u00e1 lugar el pr\u00f3ximo 9 y 10 de marzo en el Hotel Julio C\u00e9sar. Las disertaciones<\/p>\n","protected":false},"author":3,"featured_media":18986,"comment_status":"closed","ping_status":"closed","sticky":false,"template":"","format":"standard","meta":{"footnotes":""},"categories":[13],"tags":[],"class_list":["post-18985","post","type-post","status-publish","format-standard","has-post-thumbnail","hentry","category-interes-general"],"featured_image_urls":{"full":["https:\/\/misionescuatro.com.ar\/wp-content\/uploads\/2023\/03\/nene.png",1089,730,false],"thumbnail":["https:\/\/misionescuatro.com.ar\/wp-content\/uploads\/2023\/03\/nene-150x150.png",150,150,true],"medium":["https:\/\/misionescuatro.com.ar\/wp-content\/uploads\/2023\/03\/nene-300x201.png",300,201,true],"medium_large":["https:\/\/misionescuatro.com.ar\/wp-content\/uploads\/2023\/03\/nene-768x515.png",640,429,true],"large":["https:\/\/misionescuatro.com.ar\/wp-content\/uploads\/2023\/03\/nene.png",640,429,false],"1536x1536":["https:\/\/misionescuatro.com.ar\/wp-content\/uploads\/2023\/03\/nene.png",1089,730,false],"2048x2048":["https:\/\/misionescuatro.com.ar\/wp-content\/uploads\/2023\/03\/nene.png",1089,730,false],"wptouch-new-thumbnail":["https:\/\/misionescuatro.com.ar\/wp-content\/uploads\/2023\/03\/nene.png",144,97,false],"morenews-featured":["https:\/\/misionescuatro.com.ar\/wp-content\/uploads\/2023\/03\/nene.png",1024,686,false],"morenews-large":["https:\/\/misionescuatro.com.ar\/wp-content\/uploads\/2023\/03\/nene.png",825,553,false],"morenews-medium":["https:\/\/misionescuatro.com.ar\/wp-content\/uploads\/2023\/03\/nene.png",590,396,false]},"author_info":{"info":["Admin"]},"category_info":"<a href=\"https:\/\/misionescuatro.com.ar\/?cat=13\" rel=\"category\">Inter\u00e9s General<\/a>","tag_info":"Inter\u00e9s General","comment_count":"0","_links":{"self":[{"href":"https:\/\/misionescuatro.com.ar\/index.php?rest_route=\/wp\/v2\/posts\/18985","targetHints":{"allow":["GET"]}}],"collection":[{"href":"https:\/\/misionescuatro.com.ar\/index.php?rest_route=\/wp\/v2\/posts"}],"about":[{"href":"https:\/\/misionescuatro.com.ar\/index.php?rest_route=\/wp\/v2\/types\/post"}],"author":[{"embeddable":true,"href":"https:\/\/misionescuatro.com.ar\/index.php?rest_route=\/wp\/v2\/users\/3"}],"replies":[{"embeddable":true,"href":"https:\/\/misionescuatro.com.ar\/index.php?rest_route=%2Fwp%2Fv2%2Fcomments&post=18985"}],"version-history":[{"count":1,"href":"https:\/\/misionescuatro.com.ar\/index.php?rest_route=\/wp\/v2\/posts\/18985\/revisions"}],"predecessor-version":[{"id":18987,"href":"https:\/\/misionescuatro.com.ar\/index.php?rest_route=\/wp\/v2\/posts\/18985\/revisions\/18987"}],"wp:featuredmedia":[{"embeddable":true,"href":"https:\/\/misionescuatro.com.ar\/index.php?rest_route=\/wp\/v2\/media\/18986"}],"wp:attachment":[{"href":"https:\/\/misionescuatro.com.ar\/index.php?rest_route=%2Fwp%2Fv2%2Fmedia&parent=18985"}],"wp:term":[{"taxonomy":"category","embeddable":true,"href":"https:\/\/misionescuatro.com.ar\/index.php?rest_route=%2Fwp%2Fv2%2Fcategories&post=18985"},{"taxonomy":"post_tag","embeddable":true,"href":"https:\/\/misionescuatro.com.ar\/index.php?rest_route=%2Fwp%2Fv2%2Ftags&post=18985"}],"curies":[{"name":"wp","href":"https:\/\/api.w.org\/{rel}","templated":true}]}}