{"id":18988,"date":"2023-03-03T14:15:58","date_gmt":"2023-03-03T14:15:58","guid":{"rendered":"http:\/\/misionescuatro.com.ar\/?p=18988"},"modified":"2024-12-27T15:31:25","modified_gmt":"2024-12-27T15:31:25","slug":"el-diario-pagina-12-destaca-el-primer-festival-de-las-culturas-del-norte-grande","status":"publish","type":"post","link":"https:\/\/misionescuatro.com.ar\/?p=18988","title":{"rendered":"El diario P\u00e1gina\/12 destaca el Primer Festival de las Culturas del Norte Grande"},"content":{"rendered":"\n<p><em><strong>El evento que se realizar\u00e1 desde hoy en Ober\u00e1 reunir\u00e1 a artistas de distintas provincias. Una oportunidad para visibilizar talentos en un escenario federal. A continuaci\u00f3n, la nota completa<\/strong><\/em>.<\/p>\n\n\n\n<p>Un enorme encuentro que suma m\u00fasica, teatro, artes circenses. Las identidades de diez provincias del Norte Grande, tambi\u00e9n de Paraguay y Brasil, representadas en sus manifestaciones art\u00edsticas. El anhelo de dejar conformado un circuito cultural para una regi\u00f3n que en el d\u00eda a d\u00eda no tiene las fronteras de los mapas. La certeza de que las grillas de festivales veraniegos se repiten demasiado a\u00f1o a a\u00f1o y evento a evento, sin espacio para nuevos exponentes regionales. Todo eso es el&nbsp;<strong>Primer Festival de las Culturas del Norte Grande<\/strong>, que desde este viernes&nbsp; hasta el domingo, con entrada gratuita, se extender\u00e1 en el Parque de las Naciones de&nbsp;<strong>Ober\u00e1<\/strong>, Misiones, con un impresionante&nbsp;<a href=\"https:\/\/cultura.misiones.gob.ar\/2023\/02\/28\/grilla-de-espectaculos\/\" target=\"_blank\" rel=\"noreferrer noopener\">despliegue de presentaciones art\u00edsticas<\/a>&nbsp;(casi un centenar) al que se suman&nbsp;<a href=\"https:\/\/cultura.misiones.gob.ar\/2023\/02\/28\/talleres-y-charlas-en-el-1er-festival-de-las-culturas-del-norte-grande\/\" target=\"_blank\" rel=\"noreferrer noopener\">talleres, charlas,&nbsp;<\/a>exposici\u00f3n de artesan\u00edas, gastronom\u00eda y la continuaci\u00f3n en pe\u00f1as cada noche, y con transmisi\u00f3n en directo por la TV P\u00fablica.&nbsp;<\/p>\n\n\n\n<p>\u201c<strong>El Encuentro de las Culturas del Norte Grande es un sue\u00f1o de muchos a\u00f1os<\/strong>. Somos regi\u00f3n de frontera, tenemos una fisonom\u00eda distinta al centro del pa\u00eds, nos identificamos en nuestra forma de hablar, comer, cantar\u201d, dice a&nbsp;<strong>P\u00e1gina\/12 Joselo Schuap<\/strong>, ministro de Cultura de Misiones desde 2020; compositor, cantante, gestor cultural y f\u00e9rreo militante de la m\u00fasica de ra\u00edz \u201cde toda la vida\u201d. \u201cEsa identidad com\u00fan es la que reuni\u00f3 a los gobernadores que iniciaron el proyecto pol\u00edtico denominado Norte Grande, en reclamo de mayor federalismo, obras de infraestructura, cuestiones que la Naci\u00f3n central nos adeuda y que la Corte Suprema nos niega. La manera de defender esos derechos es estar todos juntos, y la cultura que compartimos es la gran base de esa uni\u00f3n. Y bueno, ac\u00e1 estamos\u201d, dice el misionero.<\/p>\n\n\n\n<p>Desde ese armado pol\u00edtico que abarca iniciativas por \u00e1reas, Misiones encar\u00f3 el \u201cNorte Grande Cultural\u201d, un circuito de intercambio entre las diez provincias que comenz\u00f3 a funcionar el a\u00f1o pasado. \u201cA nuestras provincias, que quedan geogr\u00e1ficamente lejos del centro, a veces se nos complica participar en festivales de C\u00f3rdoba o Buenos Aires:&nbsp;<strong>nos suelen cobrar canones altos<\/strong>&nbsp;para sumar nuestras delegaciones, el traslado, la lejan\u00eda, y la&nbsp;<strong>falta de difusi\u00f3n de los medios p\u00fablicos<\/strong>&nbsp;de televisi\u00f3n y radio que deja afuera esas participaciones\u201d, describe Schuap. \u201cNos pusimos entonces a crear nosotros ese espacio. Lo gestionamos, lo organizamos, y con el apoyo del Ministerio de Cultura de la Naci\u00f3n, TV P\u00fablica y Radio Nacional, lo estamos logrando\u201d.&nbsp;&nbsp;<\/p>\n\n\n\n<figure class=\"wp-block-image\"><img decoding=\"async\" src=\"https:\/\/i0.wp.com\/images.pagina12.com.ar\/styles\/width960\/public\/2023-03\/701898-joselo-20schuap-20a.jpg?w=2600&amp;ssl=1\" alt=\"\"\/><figcaption>Joselo Schuap, ministro de Cultura de Misiones desde 2020<\/figcaption><\/figure>\n\n\n\n<p>El ministro m\u00fasico hace una apreciaci\u00f3n compartida: \u201c<strong>Llega el verano, mir\u00e1s la tele y en los festivales hay un circuito de artistas estables<\/strong>. Son destacados, famosos, queridos por la gente, por nosotros, muchos de ellos son mis amigos, gente b\u00e1rbara. Pero&nbsp;<strong>son los artistas del mercado comercial discogr\u00e1fico, y no hay nada m\u00e1s<\/strong>. Ves los mismos, a\u00f1o a a\u00f1o y festival a festival. Como m\u00fasico, gestor y funcionario de cultura, me pregunto:&nbsp;<strong>\u00bfc\u00f3mo es que no aparece en la TV P\u00fablica el artista del interior del interior<\/strong>, el de la frontera, el&nbsp; que necesita pol\u00edticas p\u00fablicas para llegar al p\u00fablico masivo? Ese fue el planteo, y debo decir que fue escuchado por las autoridades. Tenemos muchas expectativas\u201d, destaca.&nbsp;<\/p>\n\n\n\n<p>Joselo Schuap contagia entusiasmo cuando habla de esta que es su militancia \u201cde toda la vida\u201d. La misma que lo llev\u00f3 a cargarse al hombro la&nbsp;<a href=\"https:\/\/www.pagina12.com.ar\/495012-joselo-schuap-hay-que-seguir-peleando-por-el-acceso-a-la-cul?gclid=CjwKCAiAr4GgBhBFEiwAgwORrVAclEmT_gN6UIyxEvDX3Q7rfSoAup8T6EHvGgqdhLZm0wpxemcmhRoCheAQAvD_BwE\">lucha por la pr\u00f3rroga a las asignaciones espec\u00edficas<\/a>, aquella&nbsp;<strong>Marcha Federal de las Culturas<\/strong>&nbsp;para exigir al Senado que apruebe la ley que finalmente se sancion\u00f3 para extender por cincuenta a\u00f1os los&nbsp;<strong>fondos espec\u00edficos<\/strong>&nbsp;asignados al sector, toda una batalla ganada. El diputado cordob\u00e9s&nbsp;<strong>Pablo Carro<\/strong>, autor de aquel proyecto, ser\u00e1 uno de los invitados especiales del festival. \u201c<strong>Este a\u00f1o vamos por la reglamentaci\u00f3n y por las leyes que regulen las plataformas digitales<\/strong>. Viene la pelea para que la plata no se la lleve toda las plataformas, y que lo que entre se divida federalmente\u201d, plantea.&nbsp;<\/p>\n\n\n\n<p><strong>\u201cNing\u00fan festival comercial muestra diversidad cultural ni inclusi\u00f3n a esta escala\u201d, se enorgullece Schuap<\/strong>. La grilla es amplia y, efectivamente, diversa. Sobresalen los ballets locales, y se suman pe\u00f1as que, ya desde los lugares de realizaci\u00f3n, dan cuenta de esa mixtura que es caracter\u00edstica de la regi\u00f3n: \u201cCasa Rusa\u201d,&nbsp;\u201cCasa Ucraniana\u201d,&nbsp;\u201cCasa Francesa\u201d,&nbsp;\u201cCasa Paraguaya\u201d.&nbsp;\u201cAc\u00e1 en Ober\u00e1 van a actuar juntos el ballet ruso con el ucraniano.&nbsp;<strong>Ac\u00e1 rusos y ucranianos se enamoran, se casan, bailan y comen juntos; no hacen la guerra. Ac\u00e1 la cultura es una<\/strong>\u201c, describe el organizador.<\/p>\n\n\n\n<p>Las manifestaciones de&nbsp;<strong>pueblos originarios<\/strong>&nbsp;tambi\u00e9n tienen un lugar con el coro guaran\u00ed o el coro qom Chelaalpi de Chaco. Hay exponentes de Formosa, Salta, Tucum\u00e1n, La Rioja, Corrientes, Jujuy, Santiago del Estero, distintas localidades misioneras. Est\u00e1&nbsp;<strong>Peteco Carabajal, la Bruja Salguero<\/strong>, exponentes locales con trayectoria como&nbsp;<strong>Los Nu\u00f1ez y Paola Leguizam\u00f3n<\/strong>, y grupos muy j\u00f3venes. Hay chamam\u00e9, tango, murga, coplas. Hay mucha danza y t\u00edteres y circo. En los distintos escenarios del Parque de las Naciones de Ober\u00e1 habr\u00e1 tambi\u00e9n charlas, capacitaciones para artistas, talleres, presentaciones de libros.&nbsp;&nbsp;<\/p>\n\n\n\n<p>Joselo Schuap fue uno de los muy golpeados por la pandemia.&nbsp;<strong>Tras contagiarse covid estuvo en coma 29 d\u00edas, cuatro meses internado en terapia<\/strong>. \u201cMe mor\u00ed y resucit\u00e9. La sigo peleando\u201d, sintetiza. Dice que esa experiencia lo convenci\u00f3 \u201cm\u00e1s que nunca de que hay que apostar por lo que uno es, con los otros\u201d. Se despide apurado porque el&nbsp;<strong>Festival de las Culturas del Norte Grande<\/strong>&nbsp;est\u00e1 en plena construcci\u00f3n.&nbsp;<\/p>\n\n\n\n<p><em><a href=\"https:\/\/www.pagina12.com.ar\/528243-empieza-el-primer-festival-de-las-culturas-del-norte-grande\">Por Karina Micheletto<\/a><\/em><\/p>\n\n\n\n<p><strong>Fuente: Canal 12 <\/strong><\/p>\n","protected":false},"excerpt":{"rendered":"<p>El evento que se realizar\u00e1 desde hoy en Ober\u00e1 reunir\u00e1 a artistas de distintas provincias. Una oportunidad para<\/p>\n","protected":false},"author":3,"featured_media":18989,"comment_status":"closed","ping_status":"closed","sticky":false,"template":"","format":"standard","meta":{"footnotes":""},"categories":[20],"tags":[],"class_list":["post-18988","post","type-post","status-publish","format-standard","has-post-thumbnail","hentry","category-region"],"featured_image_urls":{"full":["https:\/\/misionescuatro.com.ar\/wp-content\/uploads\/2023\/03\/Norte.jpg",480,320,false],"thumbnail":["https:\/\/misionescuatro.com.ar\/wp-content\/uploads\/2023\/03\/Norte-150x150.jpg",150,150,true],"medium":["https:\/\/misionescuatro.com.ar\/wp-content\/uploads\/2023\/03\/Norte-300x200.jpg",300,200,true],"medium_large":["https:\/\/misionescuatro.com.ar\/wp-content\/uploads\/2023\/03\/Norte.jpg",480,320,false],"large":["https:\/\/misionescuatro.com.ar\/wp-content\/uploads\/2023\/03\/Norte.jpg",480,320,false],"1536x1536":["https:\/\/misionescuatro.com.ar\/wp-content\/uploads\/2023\/03\/Norte.jpg",480,320,false],"2048x2048":["https:\/\/misionescuatro.com.ar\/wp-content\/uploads\/2023\/03\/Norte.jpg",480,320,false],"wptouch-new-thumbnail":["https:\/\/misionescuatro.com.ar\/wp-content\/uploads\/2023\/03\/Norte.jpg",144,96,false],"morenews-featured":["https:\/\/misionescuatro.com.ar\/wp-content\/uploads\/2023\/03\/Norte.jpg",480,320,false],"morenews-large":["https:\/\/misionescuatro.com.ar\/wp-content\/uploads\/2023\/03\/Norte.jpg",480,320,false],"morenews-medium":["https:\/\/misionescuatro.com.ar\/wp-content\/uploads\/2023\/03\/Norte.jpg",480,320,false]},"author_info":{"info":["Admin"]},"category_info":"<a href=\"https:\/\/misionescuatro.com.ar\/?cat=20\" rel=\"category\">Regi\u00f3n<\/a>","tag_info":"Regi\u00f3n","comment_count":"0","_links":{"self":[{"href":"https:\/\/misionescuatro.com.ar\/index.php?rest_route=\/wp\/v2\/posts\/18988","targetHints":{"allow":["GET"]}}],"collection":[{"href":"https:\/\/misionescuatro.com.ar\/index.php?rest_route=\/wp\/v2\/posts"}],"about":[{"href":"https:\/\/misionescuatro.com.ar\/index.php?rest_route=\/wp\/v2\/types\/post"}],"author":[{"embeddable":true,"href":"https:\/\/misionescuatro.com.ar\/index.php?rest_route=\/wp\/v2\/users\/3"}],"replies":[{"embeddable":true,"href":"https:\/\/misionescuatro.com.ar\/index.php?rest_route=%2Fwp%2Fv2%2Fcomments&post=18988"}],"version-history":[{"count":1,"href":"https:\/\/misionescuatro.com.ar\/index.php?rest_route=\/wp\/v2\/posts\/18988\/revisions"}],"predecessor-version":[{"id":18990,"href":"https:\/\/misionescuatro.com.ar\/index.php?rest_route=\/wp\/v2\/posts\/18988\/revisions\/18990"}],"wp:featuredmedia":[{"embeddable":true,"href":"https:\/\/misionescuatro.com.ar\/index.php?rest_route=\/wp\/v2\/media\/18989"}],"wp:attachment":[{"href":"https:\/\/misionescuatro.com.ar\/index.php?rest_route=%2Fwp%2Fv2%2Fmedia&parent=18988"}],"wp:term":[{"taxonomy":"category","embeddable":true,"href":"https:\/\/misionescuatro.com.ar\/index.php?rest_route=%2Fwp%2Fv2%2Fcategories&post=18988"},{"taxonomy":"post_tag","embeddable":true,"href":"https:\/\/misionescuatro.com.ar\/index.php?rest_route=%2Fwp%2Fv2%2Ftags&post=18988"}],"curies":[{"name":"wp","href":"https:\/\/api.w.org\/{rel}","templated":true}]}}