{"id":19100,"date":"2023-03-07T19:36:15","date_gmt":"2023-03-07T19:36:15","guid":{"rendered":"http:\/\/misionescuatro.com.ar\/?p=19100"},"modified":"2024-12-27T15:31:22","modified_gmt":"2024-12-27T15:31:22","slug":"el-gobierno-aumentara-las-fuerzas-federales-en-rosario-y-enviara-al-ejercito-para-urbanizar-barrios-populares","status":"publish","type":"post","link":"https:\/\/misionescuatro.com.ar\/?p=19100","title":{"rendered":"El Gobierno aumentar\u00e1 las fuerzas federales en Rosario y enviar\u00e1 al Ej\u00e9rcito para urbanizar barrios populares"},"content":{"rendered":"\n<h5 class=\"wp-block-heading\">As\u00ed lo anunci\u00f3 el presidente Alberto Fern\u00e1ndez a trav\u00e9s de un video grabado desde la quinta de Olivos. \u201cNo me tiembla el pulso\u201d, expres\u00f3 el mandatario.<\/h5>\n\n\n\n<p>El presidente&nbsp;<strong>Alberto Fern\u00e1ndez<\/strong>&nbsp;anunci\u00f3 que aumentar\u00e1&nbsp;<strong>el n\u00famero de efectivos de las Fuerzas Federales<\/strong>&nbsp;en la provincia de<strong>&nbsp;Santa Fe<\/strong>&nbsp;hasta completar los&nbsp;<strong>1400<\/strong>&nbsp;agentes disponibles en Rosario, e inform\u00f3 que el&nbsp;<strong>Ej\u00e9rcito Argentino<\/strong>, a trav\u00e9s de su compa\u00f1\u00eda de ingenieros, participar\u00e1n en la<strong>&nbsp;urbanizaci\u00f3n de los barrios de la ciudad.<\/strong><\/p>\n\n\n\n<p><strong>\u201cNo me tiembla el pulso\u201d<\/strong>, expres\u00f3 el mandatario a trav\u00e9s de un video grabado desde la quinta de Olivos al tiempo que aclar\u00f3 que la provincia necesita de una mayor presencia del Estado.<\/p>\n\n\n\n<p>En la misma l\u00ednea revel\u00f3 que, en di\u00e1logo con el gobernador&nbsp;<strong>Omar Perotti<\/strong>&nbsp;y con el intendente&nbsp;<strong>Pablo Javkin<\/strong>, defini\u00f3 enviar&nbsp;un refuerzo de las Fuerzas Federales hasta alcanzar en esta etapa los&nbsp;<strong>1400<\/strong>&nbsp;efectivos disponibles en Rosario, coordinados por el ministro de Seguridad,&nbsp;<strong>An\u00edbal Fern\u00e1ndez,<\/strong>&nbsp;quien viajar\u00e1 ma\u00f1ana en la ciudad para organizar las operaciones.<\/p>\n\n\n\n<p>En segundo lugar, inform\u00f3 que asistir\u00e1&nbsp;<strong>personal de ingenier\u00eda del Ej\u00e9rcito Argentino<\/strong>&nbsp;para participar del<strong>&nbsp;proceso de urbanizaci\u00f3n de barrios populares<\/strong>, para la aceleraci\u00f3n tareas pendientes de ejecuci\u00f3n, es decir, se dedicar\u00e1n a realizar tareas&nbsp;<strong>subsidiarias contempladas en la Ley de Defensa Nacional.<\/strong><\/p>\n\n\n\n<p>\u201c<strong>Son las Fuerzas Armadas de nuestra democracia.<\/strong>&nbsp;Del modo ejemplar como actuaron en la pandemia y en los incendios, lo har\u00e1n ahora con la misma honestidad, destreza y convicci\u00f3n,<strong>&nbsp;en socorro de una ciudadan\u00eda que las necesita<\/strong>\u201c, argument\u00f3 el mandatario.<\/p>\n\n\n\n<p>Adem\u00e1s, revel\u00f3 que el gobernador Perotti firmar\u00e1 con la<strong>&nbsp;Unidad de Informaci\u00f3n Financiera (UIF) el convenio para instalar una delegaci\u00f3n en Rosario,<\/strong>&nbsp;reclamo provincial hist\u00f3rico, y detall\u00f3 que se implementar\u00e1n&nbsp;<strong>600 c\u00e1maras de vigilancia de reconocimiento facial<\/strong>&nbsp;de \u00faltima generaci\u00f3n, producto del convenio de colaboraci\u00f3n con el RENAPER.<\/p>\n\n\n\n<p>\u201cDe esta manera buscamos tener una mayor eficiencia en la lucha contra el lavado de activos, derivados entre otras causas, del narcotr\u00e1fico\u201d, se\u00f1al\u00f3 Fern\u00e1ndez, y precis\u00f3 que&nbsp;<strong>el&nbsp;sistema carcelario \u201cextremar\u00e1 la custodia contra los reclusos que han sido condenados y pretenden desde la misma c\u00e1rcel seguir controlando sus objetivos criminales\u201d.<\/strong><\/p>\n\n\n\n<p>A su parte, afirm\u00f3: \u201cVamos a poner en el centro de la escena a la autoridad del Estado para devolverle a la ciudad su vida en comunidad.&nbsp;Estamos tomando decisiones contundentes.&nbsp;<strong>No nos tiembla el pulso en combatir el crimen organizado<\/strong>\u201c.<\/p>\n\n\n\n<p>El anunci\u00f3 lleg\u00f3 luego de que el jefe de Estado admitiera que \u201ca&nbsp;pesar de los esfuerzos realizados\u201d por su administraci\u00f3n,&nbsp;<strong>no se cumpli\u00f3 el objetivo propuesto<\/strong>&nbsp;al argumentar que \u201cel crimen organizado no se desarrolla de un d\u00eda para otro\u201d. \u201cRequiere tiempo para tomar territorios, reclutar sicarios, cooptar voluntades en las Fuerzas de Seguridad, en la Justicia y tambi\u00e9n en la pol\u00edtica. Eso es lo que les garantiza su desarrollo, expansi\u00f3n y fundamentalmente su impunidad\u201d, explic\u00f3 Fern\u00e1ndez.<\/p>\n\n\n\n<p>Por otro lado, inform\u00f3 que a los involucrados en las organizaciones narcotraficantes<strong>&nbsp;\u201cle caer\u00e1 todo el peso de la ley\u201d,<\/strong>&nbsp;y aclar\u00f3 que quienes sean parte del crimen organizado<strong>&nbsp;\u201cdeben saber que hay un Estado con la fuerza y la inteligencia necesaria para detener, juzgar y encarcelar a cada uno de los que ha causado da\u00f1o\u201d.<\/strong><\/p>\n\n\n\n<p>\u201cNo permitiremos un solo acto de impunidad. Rosario es mucho m\u00e1s que los problemas que hoy atraviesa y sabemos que va a salir adelante.<strong>\u00a0Vamos a ponerle fin a la violencia criminal de sicarios mercaderes de la muerte<\/strong>\u201c, prometi\u00f3 el Presidente previo a partir a la ciudad de Mar del Plata, desde donde inaugurar\u00e1 un edificio del Instituto de Investigaciones en Ciencia y Tecnolog\u00eda de Materiales (INTEMA).<\/p>\n\n\n\n<p><strong>Fuente: El Misionero<\/strong> <\/p>\n","protected":false},"excerpt":{"rendered":"<p>As\u00ed lo anunci\u00f3 el presidente Alberto Fern\u00e1ndez a trav\u00e9s de un video grabado desde la quinta de Olivos.<\/p>\n","protected":false},"author":3,"featured_media":19101,"comment_status":"closed","ping_status":"closed","sticky":false,"template":"","format":"standard","meta":{"footnotes":""},"categories":[2],"tags":[],"class_list":["post-19100","post","type-post","status-publish","format-standard","has-post-thumbnail","hentry","category-nacionales"],"featured_image_urls":{"full":["https:\/\/misionescuatro.com.ar\/wp-content\/uploads\/2023\/03\/nacion.jpg",696,464,false],"thumbnail":["https:\/\/misionescuatro.com.ar\/wp-content\/uploads\/2023\/03\/nacion-150x150.jpg",150,150,true],"medium":["https:\/\/misionescuatro.com.ar\/wp-content\/uploads\/2023\/03\/nacion-300x200.jpg",300,200,true],"medium_large":["https:\/\/misionescuatro.com.ar\/wp-content\/uploads\/2023\/03\/nacion.jpg",640,427,false],"large":["https:\/\/misionescuatro.com.ar\/wp-content\/uploads\/2023\/03\/nacion.jpg",640,427,false],"1536x1536":["https:\/\/misionescuatro.com.ar\/wp-content\/uploads\/2023\/03\/nacion.jpg",696,464,false],"2048x2048":["https:\/\/misionescuatro.com.ar\/wp-content\/uploads\/2023\/03\/nacion.jpg",696,464,false],"wptouch-new-thumbnail":["https:\/\/misionescuatro.com.ar\/wp-content\/uploads\/2023\/03\/nacion.jpg",144,96,false],"morenews-featured":["https:\/\/misionescuatro.com.ar\/wp-content\/uploads\/2023\/03\/nacion.jpg",696,464,false],"morenews-large":["https:\/\/misionescuatro.com.ar\/wp-content\/uploads\/2023\/03\/nacion.jpg",696,464,false],"morenews-medium":["https:\/\/misionescuatro.com.ar\/wp-content\/uploads\/2023\/03\/nacion.jpg",590,393,false]},"author_info":{"info":["Admin"]},"category_info":"<a href=\"https:\/\/misionescuatro.com.ar\/?cat=2\" rel=\"category\">Nacionales<\/a>","tag_info":"Nacionales","comment_count":"0","_links":{"self":[{"href":"https:\/\/misionescuatro.com.ar\/index.php?rest_route=\/wp\/v2\/posts\/19100","targetHints":{"allow":["GET"]}}],"collection":[{"href":"https:\/\/misionescuatro.com.ar\/index.php?rest_route=\/wp\/v2\/posts"}],"about":[{"href":"https:\/\/misionescuatro.com.ar\/index.php?rest_route=\/wp\/v2\/types\/post"}],"author":[{"embeddable":true,"href":"https:\/\/misionescuatro.com.ar\/index.php?rest_route=\/wp\/v2\/users\/3"}],"replies":[{"embeddable":true,"href":"https:\/\/misionescuatro.com.ar\/index.php?rest_route=%2Fwp%2Fv2%2Fcomments&post=19100"}],"version-history":[{"count":1,"href":"https:\/\/misionescuatro.com.ar\/index.php?rest_route=\/wp\/v2\/posts\/19100\/revisions"}],"predecessor-version":[{"id":19102,"href":"https:\/\/misionescuatro.com.ar\/index.php?rest_route=\/wp\/v2\/posts\/19100\/revisions\/19102"}],"wp:featuredmedia":[{"embeddable":true,"href":"https:\/\/misionescuatro.com.ar\/index.php?rest_route=\/wp\/v2\/media\/19101"}],"wp:attachment":[{"href":"https:\/\/misionescuatro.com.ar\/index.php?rest_route=%2Fwp%2Fv2%2Fmedia&parent=19100"}],"wp:term":[{"taxonomy":"category","embeddable":true,"href":"https:\/\/misionescuatro.com.ar\/index.php?rest_route=%2Fwp%2Fv2%2Fcategories&post=19100"},{"taxonomy":"post_tag","embeddable":true,"href":"https:\/\/misionescuatro.com.ar\/index.php?rest_route=%2Fwp%2Fv2%2Ftags&post=19100"}],"curies":[{"name":"wp","href":"https:\/\/api.w.org\/{rel}","templated":true}]}}