{"id":19268,"date":"2023-03-23T16:15:55","date_gmt":"2023-03-23T16:15:55","guid":{"rendered":"http:\/\/misionescuatro.com.ar\/?p=19268"},"modified":"2024-12-27T15:31:04","modified_gmt":"2024-12-27T15:31:04","slug":"posadas-fue-la-capital-del-norte-grande-con-mayor-indice-de-empleo-en-el-cuarto-trimestre-de-2022","status":"publish","type":"post","link":"https:\/\/misionescuatro.com.ar\/?p=19268","title":{"rendered":"Posadas fue la capital del Norte Grande con mayor \u00edndice de empleo en el cuarto trimestre de 2022"},"content":{"rendered":"\n<p>La tasa de empleo en la capital provincial se ubic\u00f3 en 45,1% en el cuarto trimestre del a\u00f1o pasado, medio punto porcentual por encima del mismo per\u00edodo de 2021. El de Posadas, volvi\u00f3 a ser el mayor \u00edndice de empleo entre las diez capitales que releva el INDEC. El desempleo baj\u00f3 de 4% a 3,1%, tambi\u00e9n se redujo la subocupaci\u00f3n.<\/p>\n\n\n\n<p>La \u00faltima entrega de la Encuesta Permanente de Hogares del INDEC revel\u00f3 la continuidad del proceso de crecimiento de la econom\u00eda que se viene registrando en la provincia y que encuentra en el incremento de la demanda laboral uno de sus aspectos m\u00e1s sobresalientes.<\/p>\n\n\n\n<p>De acuerdo al organismo de estad\u00edstica, la tasa de empleo en la capital provincial durante el \u00faltimo trimestre del a\u00f1o pasado fue de 45,1%, lo que implic\u00f3 un crecimiento interanual de medio punto y consolid\u00f3 a Posadas como la capital de provincia con mayor porcentaje de poblaci\u00f3n ocupada en todo el Norte Grande.<\/p>\n\n\n\n<p>La tasa de empleo, que mide qu\u00e9 porcentaje del total de la poblaci\u00f3n tuvo empleo durante el per\u00edodo en el que se realiz\u00f3 la medici\u00f3n, creci\u00f3 en Posadas y baj\u00f3 en Corrientes capital, lo que hizo que la diferencia entre los \u00edndices de ambas ciudades se ampliara con relaci\u00f3n al a\u00f1o anterior.<\/p>\n\n\n\n<p>La desocupaci\u00f3n en Misiones baj\u00f3 de 4% a 3,1% en un a\u00f1o, mientras que en Corrientes aument\u00f3 de 2% a 4,2%. <a href=\"https:\/\/misionesopina.com.ar\/wp-content\/uploads\/2023\/03\/mercadoTrabajo.pdf\">mercadoTrabajo<\/a><\/p>\n\n\n\n<p><strong>Fuente: Misiones Opina <\/strong><\/p>\n","protected":false},"excerpt":{"rendered":"<p>La tasa de empleo en la capital provincial se ubic\u00f3 en 45,1% en el cuarto trimestre del a\u00f1o<\/p>\n","protected":false},"author":3,"featured_media":19269,"comment_status":"closed","ping_status":"closed","sticky":false,"template":"","format":"standard","meta":{"footnotes":""},"categories":[20],"tags":[],"class_list":["post-19268","post","type-post","status-publish","format-standard","has-post-thumbnail","hentry","category-region"],"featured_image_urls":{"full":["https:\/\/misionescuatro.com.ar\/wp-content\/uploads\/2023\/03\/trabajadores.jpg",813,458,false],"thumbnail":["https:\/\/misionescuatro.com.ar\/wp-content\/uploads\/2023\/03\/trabajadores-150x150.jpg",150,150,true],"medium":["https:\/\/misionescuatro.com.ar\/wp-content\/uploads\/2023\/03\/trabajadores-300x169.jpg",300,169,true],"medium_large":["https:\/\/misionescuatro.com.ar\/wp-content\/uploads\/2023\/03\/trabajadores-768x433.jpg",640,361,true],"large":["https:\/\/misionescuatro.com.ar\/wp-content\/uploads\/2023\/03\/trabajadores.jpg",640,361,false],"1536x1536":["https:\/\/misionescuatro.com.ar\/wp-content\/uploads\/2023\/03\/trabajadores.jpg",813,458,false],"2048x2048":["https:\/\/misionescuatro.com.ar\/wp-content\/uploads\/2023\/03\/trabajadores.jpg",813,458,false],"wptouch-new-thumbnail":["https:\/\/misionescuatro.com.ar\/wp-content\/uploads\/2023\/03\/trabajadores.jpg",144,81,false],"morenews-featured":["https:\/\/misionescuatro.com.ar\/wp-content\/uploads\/2023\/03\/trabajadores.jpg",813,458,false],"morenews-large":["https:\/\/misionescuatro.com.ar\/wp-content\/uploads\/2023\/03\/trabajadores.jpg",813,458,false],"morenews-medium":["https:\/\/misionescuatro.com.ar\/wp-content\/uploads\/2023\/03\/trabajadores.jpg",590,332,false]},"author_info":{"info":["Admin"]},"category_info":"<a href=\"https:\/\/misionescuatro.com.ar\/?cat=20\" rel=\"category\">Regi\u00f3n<\/a>","tag_info":"Regi\u00f3n","comment_count":"0","_links":{"self":[{"href":"https:\/\/misionescuatro.com.ar\/index.php?rest_route=\/wp\/v2\/posts\/19268","targetHints":{"allow":["GET"]}}],"collection":[{"href":"https:\/\/misionescuatro.com.ar\/index.php?rest_route=\/wp\/v2\/posts"}],"about":[{"href":"https:\/\/misionescuatro.com.ar\/index.php?rest_route=\/wp\/v2\/types\/post"}],"author":[{"embeddable":true,"href":"https:\/\/misionescuatro.com.ar\/index.php?rest_route=\/wp\/v2\/users\/3"}],"replies":[{"embeddable":true,"href":"https:\/\/misionescuatro.com.ar\/index.php?rest_route=%2Fwp%2Fv2%2Fcomments&post=19268"}],"version-history":[{"count":1,"href":"https:\/\/misionescuatro.com.ar\/index.php?rest_route=\/wp\/v2\/posts\/19268\/revisions"}],"predecessor-version":[{"id":19270,"href":"https:\/\/misionescuatro.com.ar\/index.php?rest_route=\/wp\/v2\/posts\/19268\/revisions\/19270"}],"wp:featuredmedia":[{"embeddable":true,"href":"https:\/\/misionescuatro.com.ar\/index.php?rest_route=\/wp\/v2\/media\/19269"}],"wp:attachment":[{"href":"https:\/\/misionescuatro.com.ar\/index.php?rest_route=%2Fwp%2Fv2%2Fmedia&parent=19268"}],"wp:term":[{"taxonomy":"category","embeddable":true,"href":"https:\/\/misionescuatro.com.ar\/index.php?rest_route=%2Fwp%2Fv2%2Fcategories&post=19268"},{"taxonomy":"post_tag","embeddable":true,"href":"https:\/\/misionescuatro.com.ar\/index.php?rest_route=%2Fwp%2Fv2%2Ftags&post=19268"}],"curies":[{"name":"wp","href":"https:\/\/api.w.org\/{rel}","templated":true}]}}