{"id":19380,"date":"2023-03-28T18:14:31","date_gmt":"2023-03-28T18:14:31","guid":{"rendered":"http:\/\/misionescuatro.com.ar\/?p=19380"},"modified":"2024-12-27T15:31:01","modified_gmt":"2024-12-27T15:31:01","slug":"el-congreso-vuelve-a-sesionar","status":"publish","type":"post","link":"https:\/\/misionescuatro.com.ar\/?p=19380","title":{"rendered":"El Congreso vuelve a sesionar"},"content":{"rendered":"\n<p>Las dos c\u00e1maras del Congreso vuelven a sesionar esta semana luego de trabajosos acuerdos para intentar terminar con el bloqueo opositor que lo paraliz\u00f3.<\/p>\n\n\n\n<p>La C\u00e1mara baja ir\u00e1 hoy al recinto con un pu\u00f1ado de temas consensuados entre oficialismo y oposici\u00f3n, que tendr\u00e1 como eje el fortalecimiento del sistema de Justicia federal y provincial de Santa Fe para dotarlo de mayores herramientas en la lucha contra el narcotr\u00e1fico. Mientras que en el Senado est\u00e1n avanzadas las negociaciones para sesionar este jueves, tambi\u00e9n con la justicia como tema central: la aprobaci\u00f3n de la designaci\u00f3n de jueces y fiscales para distintas provincias (entre ellas Santa Fe) sobre cuyos pliegos ya hay acuerdo, y un temario que podr\u00eda ampliarse en la reuni\u00f3n de Labor Parlamentaria prevista para este mi\u00e9rcoles, con otros proyectos consensuados.<\/p>\n\n\n\n<p><strong>En Diputados<\/strong><\/p>\n\n\n\n<p>La C\u00e1mara baja retornar\u00e1 al recinto por primera vez en este nuevo periodo de sesiones ordinarias con una agenda consensuada entre el Frente de Todos y la principal bancada opositora de Juntos por el Cambio, al que tambi\u00e9n se plegaron otros bloques de la oposici\u00f3n. La convocatoria lleva la firma de casi todos los bloques legislativos y tiene un tema excluyente: el proyecto de Fortalecimiento del Sistema de Justicia de Santa Fe.<\/p>\n\n\n\n<p>La iniciativa, presentada por el legislador del FdT Roberto Mirabella, cont\u00f3 con el respaldado 18 de los 19 diputados santafesinos. Propone crear 27 fiscal\u00edas federales, 15 en Rosario y 7 en Santa Fe, las ciudades de la provincia m\u00e1s castigadas por el narcotr\u00e1fico. Tambi\u00e9n incorpora a la justicia santafesina 9 cargos de defensor p\u00fablico, 9 jueces penales de garant\u00edas y otros 6 de revisi\u00f3n; dos jueces con funciones de juicio y ejecuci\u00f3n con asiento en esas mismas dos ciudades. Se busca agilizar las causas penales y en especial las vinculadas al crimen organizado.<\/p>\n\n\n\n<p>Es el proyecto que termin\u00f3 doblegando la decisi\u00f3n de la Mesa Nacional de JpC de bloquear la actividad parlamentaria mientras se sustancie el juicio pol\u00edtico a la Corte Suprema. La evaluaci\u00f3n sobre el costo pol\u00edtico que le acarrear\u00eda frenar la iniciativa ante la cr\u00edtica situaci\u00f3n santafesina, hizo que el interbloque opositor desistiera de sostener la par\u00e1lisis parlamentaria que impuso en el Congreso.<\/p>\n\n\n\n<p>La convocatoria no estuvo exenta de dificultades en la negociaci\u00f3n, en la que intervinieron las principales espadas parlamentarias del oficialismo y la oposici\u00f3n. El mi\u00e9rcoles Agust\u00edn Rossi estar\u00e1 en el recinto de la C\u00e1mara baja para rendir su primer informe de gesti\u00f3n de Gobierno como Jefe de Gabinete. Y se incorporaron al temario otros proyectos \u201csin mayo rispidez\u201d que el FdT impulsaba.<\/p>\n\n\n\n<p>Se descarta que el fortalecimiento del sistema judicial santafesino ser\u00e1 aprobado, pero puede haber pases de facturas cruzados durante el debate en el recinto. Existen aun diferencias sobre el proyecto de R\u00e9gimen Simplificado y R\u00e9gimen Cambiario para Peque\u00f1os Contribuyentes Tecnol\u00f3gicos (conocido como Mono-Tech), donde JpC se podr\u00eda tener un voto dividido entre el acompa\u00f1amiento y la abstenci\u00f3n. Mientras que la modificaci\u00f3n de la ley de Sangre Humana y la cesi\u00f3n de jurisdicci\u00f3n efectuada por la provincia del Chaco al Estado Nacional, para la creaci\u00f3n del Parque Nacional y Reserva Nacional Laguna del Palmar, contar\u00edan con una aprobaci\u00f3n un\u00e1nime.<\/p>\n\n\n\n<p><strong>En el Senado<\/strong><\/p>\n\n\n\n<p>En el Senado, en tanto, parecen encaminarse las negociaciones para volver a recinto en una sesi\u00f3n consensuada, tras duros cruces de acusaciones entre oficialismo y oposici\u00f3n por la par\u00e1lisis de m\u00e1s de cuatro meses en la C\u00e1mara alta.<\/p>\n\n\n\n<p>Los principales referentes del interbloque de senadores del FdT, Jos\u00e9 Mayans y Juliana Di Tullio, salieron a cruzar a los opositores que buscaron responsabilizar a la vicpresidenta Cristina Fern\u00e1ndez por esa falta de funcionamiento. \u201cLa oposici\u00f3n ten\u00eda la directiva de no sesionar hasta que se termine el tema del juicio a los miembros de la Corte, su estrategia es que el Congreso no funcione, una estrategia de una dictadura\u201d, dispar\u00f3 Mayans. Di Tullio record\u00f3 que el Senado quiso sesionar en diciembre y febrero \u201cpara tratar todos los acuerdos de jueces y juezas, fiscales y fiscalas de Santa Fe y de todo el pa\u00eds. Inclu\u00eda otros proyectos como la Ley Lucio, Alcohol Cero y Certificado \u00danico de Discapacidad. No dieron qu\u00f3rum\u201d.<\/p>\n\n\n\n<p>Ambos explicaron que el FdT no tiene qu\u00f3rum propio en el Senado y Mayans lo puso en t\u00e9rminos pol\u00edtico- electorales. \u201cTuvimos una divisi\u00f3n de un grupo que est\u00e1 trabajando ahora con Schiaretti y con Rodr\u00edguez Sa\u00e1, y tengo entendido que tambi\u00e9n con el gobernador de Entre R\u00edos (Gustavo Bordet)\u201d, explic\u00f3 el senador por Formosa en varias entrevistas.<\/p>\n\n\n\n<p>La respuesta de quienes desataron el cisma en el oficialismo y formaron el bloque Unidad Federal \u2013Guillermo Snopek (Jujuy), Alejandra Vigo (C\u00f3rdoba), Edgardo Kueider (Entre R\u00edos), Carlos Esp\u00ednola (Corrientes), y Eugenia Catalfamo (San Luis)\u2013 fue pedir una sesi\u00f3n especial el jueves 30 de marzo para tratar los pliegos de jueces y fiscales para la provincia de Santa Fe. Desde JpC sumaron un pedido especial con el mismo tema y el mismo d\u00eda, aunque sin coordinar con los ex oficialistas.<\/p>\n\n\n\n<p>Mayans y Di Tullio ratificaron la intenci\u00f3n del oficialismo de sesionar el jueves con un temario consensuado. \u201cHay 40 pliegos de la Justicia federal con despacho de comisi\u00f3n, incluidos algunos que son un\u00e1nimes, que no son s\u00f3lo para solucionar el problema de Santa Fe, porque para luchar contra el narcotr\u00e1fico necesitamos una visi\u00f3n federal\u201d, dijo el formose\u00f1o. \u201cQueremos hacer una sesi\u00f3n con temas consensuados y que tengan dict\u00e1menes de comisi\u00f3n\u201d, agreg\u00f3 Di Tullio. El FdT tambi\u00e9n quiere llevar al recinto una serie de proyectos que ya tienen dictamen y sobre los que en principio hay acuerdo mayoritario. La lista incluye los acuerdos de las Fuerzas Armadas, la ley de Lucio, y la ley de enfermer\u00eda, entre otros.<\/p>\n\n\n\n<p>Mayans ya realiz\u00f3 una ronda de consultas con los bloques opositores para tratar de bajarle el tono a la disputa pol\u00edtica y volver a sesionar. Algo en lo que parece haber alcanzado cierto acuerdo. El martes, el oficialismo tendr\u00e1 una reuni\u00f3n del interbloque para pulir su propuesta. Y para el mi\u00e9rcoles est\u00e1 convocada la reuni\u00f3n de Labor Parlamentaria, donde los jefes de los diferentes bloques pol\u00edticos terminan de acordar una agenda y definir si habr\u00e1 sesi\u00f3n al d\u00eda siguiente.<\/p>\n\n\n\n<p><strong>Fuente: Revista C\u00f3digos <\/strong><\/p>\n","protected":false},"excerpt":{"rendered":"<p>Las dos c\u00e1maras del Congreso vuelven a sesionar esta semana luego de trabajosos acuerdos para intentar terminar con<\/p>\n","protected":false},"author":3,"featured_media":19381,"comment_status":"closed","ping_status":"closed","sticky":false,"template":"","format":"standard","meta":{"footnotes":""},"categories":[14],"tags":[],"class_list":["post-19380","post","type-post","status-publish","format-standard","has-post-thumbnail","hentry","category-politica"],"featured_image_urls":{"full":["https:\/\/misionescuatro.com.ar\/wp-content\/uploads\/2023\/03\/Congreso.jpg",696,391,false],"thumbnail":["https:\/\/misionescuatro.com.ar\/wp-content\/uploads\/2023\/03\/Congreso-150x150.jpg",150,150,true],"medium":["https:\/\/misionescuatro.com.ar\/wp-content\/uploads\/2023\/03\/Congreso-300x169.jpg",300,169,true],"medium_large":["https:\/\/misionescuatro.com.ar\/wp-content\/uploads\/2023\/03\/Congreso.jpg",640,360,false],"large":["https:\/\/misionescuatro.com.ar\/wp-content\/uploads\/2023\/03\/Congreso.jpg",640,360,false],"1536x1536":["https:\/\/misionescuatro.com.ar\/wp-content\/uploads\/2023\/03\/Congreso.jpg",696,391,false],"2048x2048":["https:\/\/misionescuatro.com.ar\/wp-content\/uploads\/2023\/03\/Congreso.jpg",696,391,false],"wptouch-new-thumbnail":["https:\/\/misionescuatro.com.ar\/wp-content\/uploads\/2023\/03\/Congreso.jpg",144,81,false],"morenews-featured":["https:\/\/misionescuatro.com.ar\/wp-content\/uploads\/2023\/03\/Congreso.jpg",696,391,false],"morenews-large":["https:\/\/misionescuatro.com.ar\/wp-content\/uploads\/2023\/03\/Congreso.jpg",696,391,false],"morenews-medium":["https:\/\/misionescuatro.com.ar\/wp-content\/uploads\/2023\/03\/Congreso.jpg",590,331,false]},"author_info":{"info":["Admin"]},"category_info":"<a href=\"https:\/\/misionescuatro.com.ar\/?cat=14\" rel=\"category\">Pol\u00edtica<\/a>","tag_info":"Pol\u00edtica","comment_count":"0","_links":{"self":[{"href":"https:\/\/misionescuatro.com.ar\/index.php?rest_route=\/wp\/v2\/posts\/19380","targetHints":{"allow":["GET"]}}],"collection":[{"href":"https:\/\/misionescuatro.com.ar\/index.php?rest_route=\/wp\/v2\/posts"}],"about":[{"href":"https:\/\/misionescuatro.com.ar\/index.php?rest_route=\/wp\/v2\/types\/post"}],"author":[{"embeddable":true,"href":"https:\/\/misionescuatro.com.ar\/index.php?rest_route=\/wp\/v2\/users\/3"}],"replies":[{"embeddable":true,"href":"https:\/\/misionescuatro.com.ar\/index.php?rest_route=%2Fwp%2Fv2%2Fcomments&post=19380"}],"version-history":[{"count":1,"href":"https:\/\/misionescuatro.com.ar\/index.php?rest_route=\/wp\/v2\/posts\/19380\/revisions"}],"predecessor-version":[{"id":19382,"href":"https:\/\/misionescuatro.com.ar\/index.php?rest_route=\/wp\/v2\/posts\/19380\/revisions\/19382"}],"wp:featuredmedia":[{"embeddable":true,"href":"https:\/\/misionescuatro.com.ar\/index.php?rest_route=\/wp\/v2\/media\/19381"}],"wp:attachment":[{"href":"https:\/\/misionescuatro.com.ar\/index.php?rest_route=%2Fwp%2Fv2%2Fmedia&parent=19380"}],"wp:term":[{"taxonomy":"category","embeddable":true,"href":"https:\/\/misionescuatro.com.ar\/index.php?rest_route=%2Fwp%2Fv2%2Fcategories&post=19380"},{"taxonomy":"post_tag","embeddable":true,"href":"https:\/\/misionescuatro.com.ar\/index.php?rest_route=%2Fwp%2Fv2%2Ftags&post=19380"}],"curies":[{"name":"wp","href":"https:\/\/api.w.org\/{rel}","templated":true}]}}