{"id":19573,"date":"2023-04-03T19:44:20","date_gmt":"2023-04-03T19:44:20","guid":{"rendered":"http:\/\/misionescuatro.com.ar\/?p=19573"},"modified":"2024-12-27T15:30:44","modified_gmt":"2024-12-27T15:30:44","slug":"alberto-fernandez-terminar-con-el-kirchnerismo-seria-como-pegarme-un-tiro-en-la-cabeza","status":"publish","type":"post","link":"https:\/\/misionescuatro.com.ar\/?p=19573","title":{"rendered":"Alberto Fern\u00e1ndez: \u201cTerminar con el kirchnerismo ser\u00eda como pegarme un tiro en la cabeza\u201d"},"content":{"rendered":"\n<p>Se aceleran los tiempos pol\u00edticos en el oficialismo y, mientras desde las distintas terminales del Frente de Todos le siguen pidiendo al presidente Alberto Fern\u00e1ndez que imite el ejemplo de Mauricio Macri y desista en su deseo de ir por la reelecci\u00f3n, \u00e9l sigue sin darse por aludido y asegura que \u201cquiere conducir el espacio si el pueblo as\u00ed lo quiere\u201d.<\/p>\n\n\n\n<p>En una entrevista que fue publicada este domingo por El M\u00e9todo, Fern\u00e1ndez habl\u00f3 sobre su candidatura. \u201cNadie me venga a correr ahora con el tiempo, el diez de diciembre dije que todos los cargos deb\u00edan pasar por las PASO\u201d, dijo.<\/p>\n\n\n\n<p>Adem\u00e1s, asegur\u00f3 que para \u00e9l \u201chay que terminar con los personalismos\u201d, porque se necesita \u201cuna nueva renovaci\u00f3n del peronismo\u201d, y, por \u00faltimo, resalt\u00f3 que para estas elecciones el oficialismo tiene \u201ccientos de candidatos\u201d. \u201cEl problema no es si Cristina conduce o no conduce, yo quiero que conduzca si es elecci\u00f3n popular y yo quiero conducir si el pueblo lo quiere\u201d, remat\u00f3. Tambi\u00e9n dio detalles de su reuni\u00f3n con el presidente de Estados Unidos, Joe Biden. Dijo que los dos tienen mala opini\u00f3n del exmandatario de ese pa\u00eds, Donald Trump, y que ambos recibieron \u201cuna herencia desquiciada\u201d, de los gobiernos que los precedieron.<\/p>\n\n\n\n<p>El Presidente asegur\u00f3 que \u201cno est\u00e1 en sus planes es terminar con el kirchnerismo\u201d, porque \u00e9l es kirchnerista. \u201cSer\u00eda como pegarme un tiro en la cabeza\u201d, aclar\u00f3. \u201cMi objetivo es mejorar lo que somos, terminar los personalismos. No podemos estar toda la vida dependiendo de la decisi\u00f3n de uno, no podemos y no debemos permitir que eso pase\u201d, a\u00f1adi\u00f3. Dijo que adem\u00e1s de ser el Presidente \u201csobre todas las cosas es un militante\u201d, y que la \u00fanica aspiraci\u00f3n que tiene es que gane el FDT. \u201cToda la discusi\u00f3n sobre mi reelecci\u00f3n para m\u00ed es un tema secundario. Falta tiempo. Hay actores que pueden aparecer en el escenario y que pueden ser candidatos\u201d, arriesg\u00f3.<\/p>\n\n\n\n<p>El Frente de Todos transita un momento de fuerte tensi\u00f3n interna de cara al cierre de listas que ser\u00e1 en menos de tres meses. El ministro del Interior, Eduardo \u201cWado\u201d de Pedro, fue uno de los encargados de armar junto con el vicejefe de gabinete, Juan Manuel Olmos, la mesa pol\u00edtica que se llev\u00f3 adelante en febrero en el PJ para empezar a delinear la estrategia electoral y, seg\u00fan cont\u00f3 este fin de semana, los miembros de aquella mesa siguieron en conversaci\u00f3n durante estas semanas. Seg\u00fan lo que adelant\u00f3 de Pedro, la idea del oficialismo que est\u00e1 m\u00e1s avanzada por estas horas es la de llegar a las PASO con dos f\u00f3rmulas. Tal como consign\u00f3 este diario en su edici\u00f3n de domingo, esas dos f\u00f3rmulas podr\u00edan ser: una encabezada por el ministro de Econom\u00eda, Sergio Massa, \u2013con respaldo del kirchnerismo y posiblemente con de Pedro como candidato a vicepresidente\u2013 y otra encabezada por el embajador en Brasil, Daniel Scioli.<\/p>\n\n\n\n<p>Fern\u00e1ndez dijo que \u201cestamos todos convencidos en que es necesario hacer una mesa pol\u00edtica para dar dise\u00f1o al proceso electoral que se viene\u201d, y agreg\u00f3: \u201cahora lo que no me pueden pedir es que los que no me acompa\u00f1aron en la decisi\u00f3n del Fondo y me dejaron s\u00f3lo en el momento m\u00e1s dif\u00edcil del gobierno pidan resolver conmigo. Si en el momento m\u00e1s dif\u00edcil me dejaron solo, d\u00e9jenme trabajar\u201d.<\/p>\n\n\n\n<p>Una de las posibilidades es que Massa y el kirchnerismo vayan por un lado \u2013con el aval de CFK\u2013 y Scioli, con alguien que lo acompa\u00f1e en la f\u00f3rmula, represente al peronismo no kirchnerista, y al presidente Alberto Fern\u00e1ndez, si es que \u00e9l finalmente decide bajar su candidatura. Esta versi\u00f3n, sin embargo, es desmentida por el entorno del mandatario. Ellos dicen que Massa y Fern\u00e1ndez \u201ctienen un acuerdo\u201d y que si Fern\u00e1ndez decide no ser candidato, el candidato de ese espacio ser\u00e1 el ministro de Econom\u00eda. Massa guarda silencio. Espera.<\/p>\n\n\n\n<p>En la entrevista que Fern\u00e1ndez dio al M\u00e9todo, el Presidente habl\u00f3 del tema. Agradeci\u00f3 a Massa y habl\u00f3 del exministro, Mart\u00edn Guzm\u00e1n: \u201clament\u00e9 mucho la forma en que Guzm\u00e1n dej\u00f3 el Gobierno y tengo gratitud eterna a Sergio porque s\u00e9 la garra que le pone. La oposici\u00f3n ya estaba hablando de una asamblea legislativa que me iba a sacar del gobierno cuando asumi\u00f3\u201d, una cita casi textual a lo que dijo d\u00edas antes el intendente de Avellaneda Jorge Ferraresi. Luego, el Jefe de Estado indic\u00f3 que en el FdT todos reconocen el trabajo que est\u00e1 haciendo el ministro de Econom\u00eda y, en medio de rumores que insin\u00faan que la relaci\u00f3n entre ambos est\u00e1 transitando un momento de tensi\u00f3n, aclar\u00f3 que \u201chabla con el Ministro lo que tiene que hablar\u201d.<\/p>\n\n\n\n<p>Fern\u00e1ndez tambi\u00e9n mencion\u00f3 a Scioli. Cont\u00f3 que le dijo a Scioli \u201cque se largue\u201d, y que \u201cse fije hasta donde llega\u201d, aunque aclar\u00f3 que eso \u201cse lo dir\u00eda a todos\u201d. Adem\u00e1s, opin\u00f3 que, seg\u00fan su criterio, CFK no es capaz de ganarle a cualquier candidato. \u201cNo creo eso, si no estar\u00eda diciendo no hagamos nada\u201d, asever\u00f3. Para seguir irritando al kirchnerismo hizo algo que molesta sobremanera a la vicepresidenta: dijo que \u00e9l \u201cfund\u00f3 el kirchnerismo\u201d, y que su gobierno \u201cest\u00e1 lleno de compa\u00f1eros que son kirchneristas\u201d. En ese momento mencion\u00f3 a su jefe de gabinete, Agust\u00edn Rossi; al ministro de CyT, Daniel Filmus; a la vocera Gabriela Cerruti y al ministro de Defensa, Jorge Taiana. \u201cSoy kirchnerista, pero mi objetivo es mejorar lo que somos. No podemos seguir con los personalismos\u201d, subray\u00f3 y finaliz\u00f3: \u201cmi enemigo no es ninguno de los FDT, mi enemigo es la derecha recalcitrante\u201d.<\/p>\n\n\n\n<p>En otro tramo de la entrevista, el mandatario hizo una defensa de su gesti\u00f3n y aclar\u00f3 que \u00e9l s\u00ed ejerci\u00f3 el poder. \u201cLo \u00fanico que yo no hago es un relato. El relato tiene una parte de ficci\u00f3n y no est\u00e1 bien que la pol\u00edtica le habl\u00e9 a la gente por medio de la ficci\u00f3n\u201d, remarc\u00f3 para cuestionar y diferenciarse del kirchnerismo. \u201cYo s\u00ed ejerc\u00ed el poder. \u00bfQui\u00e9n pidi\u00f3 la quita de la deuda? Alberto Fern\u00e1ndez. \u00bfQui\u00e9n fue a buscar las vacunas? Alberto Fern\u00e1ndez\u201d, enumer\u00f3 y dispar\u00f3 \u201csi yo hubiera construido un relato habr\u00eda mentido\u201d.<\/p>\n\n\n\n<h5 class=\"wp-block-heading\">La relaci\u00f3n con Cristina Kirchner<\/h5>\n\n\n\n<p>Por \u00faltimo, Fern\u00e1ndez se dedic\u00f3 a hablar de la vicepresidenta. Resalt\u00f3 que ella \u201ces injustamente condenada\u201d en la causa Vialidad y que es v\u00edctima de \u201cun relato judicial que no se condice con la realidad de lo que ella hizo\u201d. Remarc\u00f3 que \u201clo que quiero que la gente entienda no es el resultado de la proscripci\u00f3n de Cristina, es la condena sobre una persona inocente, eso es lo que, como gente de derecho, lo que m\u00e1s nos debe indignar\u201d.<\/p>\n\n\n\n<p>Por otro lado, reconoci\u00f3 que \u00e9l y la vicepresidenta tienen diferencias, y que una de ellas fue \u201ccomo plantarnos frente al FMI\u201d. Opin\u00f3 que el del kirchnerismo fue \u201cun planteo honesto, pero alejado de la realidad\u201d. \u201cNo funciona as\u00ed el mundo. Yo tengo la convicci\u00f3n de que hicimos la mejor negociaci\u00f3n posible\u201d, a\u00f1adi\u00f3.<\/p>\n\n\n\n<p>Tambi\u00e9n dijo que la oposici\u00f3n durante a\u00f1os intent\u00f3 que \u00e9l \u201centregue a Cristina\u201d, y que no lo hizo porque la vicepresidenta \u201cno lo merece\u201d, y aclar\u00f3 que \u201cno comparte la idea del verticalismo total\u201d. \u201cMuchos me dicen \u00bfPor qu\u00e9 no le diste una patada en el traste al que te hizo tal cosa? Porque yo no vine a hacer muestras de poder. Si yo hubiera hecho eso seguramente hoy no estar\u00eda ac\u00e1 porque hubiese elegido mi persona sobre el conjunto y mi enemigo no es ninguno de los miembros del FDT, mi enemigo es la derecha recalcitrante\u201d, concluy\u00f3.<\/p>\n\n\n\n<h5 class=\"wp-block-heading\">La reuni\u00f3n con Biden<\/h5>\n\n\n\n<p>El Presidente tambi\u00e9n habl\u00f3 de su reuni\u00f3n la semana pasada con su par de Estados Unidos, Joe Biden. Cont\u00f3 que durante una parte de la reuni\u00f3n \u201cse rieron\u201d de Donald Trump, porque ambos tienen \u201cuna mala opinipo de \u00e9l\u201d. Adem\u00e1s, dijo que el mandatario estadounidense \u201csabe perfectamente las similitudes entre Macri y Trump, el v\u00ednculo que tuvieron y que tienen\u201d.<\/p>\n\n\n\n<p>\u201cEntiende perfectamente que la deuda que tiene la Argentina fue una decisi\u00f3n de Trump para favorecer a su amigo Macri\u201d, indic\u00f3. El Jefe de estado sostuvo en di\u00e1logo con Tom\u00e1s Rebord que \u201cfue una muy buena reuni\u00f3n y record\u00f3 que Biden, delante de la delegaci\u00f3n argentina, \u201cdio instrucciones\u201d a su equipo \u201cpara que se atiendan\u201d los asuntos que le plante\u00f3.<\/p>\n\n\n\n<p><strong>Fuente: Revista C\u00f3digos <\/strong><\/p>\n","protected":false},"excerpt":{"rendered":"<p>Se aceleran los tiempos pol\u00edticos en el oficialismo y, mientras desde las distintas terminales del Frente de Todos<\/p>\n","protected":false},"author":3,"featured_media":19574,"comment_status":"closed","ping_status":"closed","sticky":false,"template":"","format":"standard","meta":{"footnotes":""},"categories":[14],"tags":[],"class_list":["post-19573","post","type-post","status-publish","format-standard","has-post-thumbnail","hentry","category-politica"],"featured_image_urls":{"full":["https:\/\/misionescuatro.com.ar\/wp-content\/uploads\/2023\/04\/Alberto-Fernandez.jpeg",696,464,false],"thumbnail":["https:\/\/misionescuatro.com.ar\/wp-content\/uploads\/2023\/04\/Alberto-Fernandez-150x150.jpeg",150,150,true],"medium":["https:\/\/misionescuatro.com.ar\/wp-content\/uploads\/2023\/04\/Alberto-Fernandez-300x200.jpeg",300,200,true],"medium_large":["https:\/\/misionescuatro.com.ar\/wp-content\/uploads\/2023\/04\/Alberto-Fernandez.jpeg",640,427,false],"large":["https:\/\/misionescuatro.com.ar\/wp-content\/uploads\/2023\/04\/Alberto-Fernandez.jpeg",640,427,false],"1536x1536":["https:\/\/misionescuatro.com.ar\/wp-content\/uploads\/2023\/04\/Alberto-Fernandez.jpeg",696,464,false],"2048x2048":["https:\/\/misionescuatro.com.ar\/wp-content\/uploads\/2023\/04\/Alberto-Fernandez.jpeg",696,464,false],"wptouch-new-thumbnail":["https:\/\/misionescuatro.com.ar\/wp-content\/uploads\/2023\/04\/Alberto-Fernandez.jpeg",144,96,false],"morenews-featured":["https:\/\/misionescuatro.com.ar\/wp-content\/uploads\/2023\/04\/Alberto-Fernandez.jpeg",696,464,false],"morenews-large":["https:\/\/misionescuatro.com.ar\/wp-content\/uploads\/2023\/04\/Alberto-Fernandez.jpeg",696,464,false],"morenews-medium":["https:\/\/misionescuatro.com.ar\/wp-content\/uploads\/2023\/04\/Alberto-Fernandez.jpeg",590,393,false]},"author_info":{"info":["Admin"]},"category_info":"<a href=\"https:\/\/misionescuatro.com.ar\/?cat=14\" rel=\"category\">Pol\u00edtica<\/a>","tag_info":"Pol\u00edtica","comment_count":"0","_links":{"self":[{"href":"https:\/\/misionescuatro.com.ar\/index.php?rest_route=\/wp\/v2\/posts\/19573","targetHints":{"allow":["GET"]}}],"collection":[{"href":"https:\/\/misionescuatro.com.ar\/index.php?rest_route=\/wp\/v2\/posts"}],"about":[{"href":"https:\/\/misionescuatro.com.ar\/index.php?rest_route=\/wp\/v2\/types\/post"}],"author":[{"embeddable":true,"href":"https:\/\/misionescuatro.com.ar\/index.php?rest_route=\/wp\/v2\/users\/3"}],"replies":[{"embeddable":true,"href":"https:\/\/misionescuatro.com.ar\/index.php?rest_route=%2Fwp%2Fv2%2Fcomments&post=19573"}],"version-history":[{"count":1,"href":"https:\/\/misionescuatro.com.ar\/index.php?rest_route=\/wp\/v2\/posts\/19573\/revisions"}],"predecessor-version":[{"id":19575,"href":"https:\/\/misionescuatro.com.ar\/index.php?rest_route=\/wp\/v2\/posts\/19573\/revisions\/19575"}],"wp:featuredmedia":[{"embeddable":true,"href":"https:\/\/misionescuatro.com.ar\/index.php?rest_route=\/wp\/v2\/media\/19574"}],"wp:attachment":[{"href":"https:\/\/misionescuatro.com.ar\/index.php?rest_route=%2Fwp%2Fv2%2Fmedia&parent=19573"}],"wp:term":[{"taxonomy":"category","embeddable":true,"href":"https:\/\/misionescuatro.com.ar\/index.php?rest_route=%2Fwp%2Fv2%2Fcategories&post=19573"},{"taxonomy":"post_tag","embeddable":true,"href":"https:\/\/misionescuatro.com.ar\/index.php?rest_route=%2Fwp%2Fv2%2Ftags&post=19573"}],"curies":[{"name":"wp","href":"https:\/\/api.w.org\/{rel}","templated":true}]}}