{"id":20177,"date":"2023-04-27T18:03:54","date_gmt":"2023-04-27T18:03:54","guid":{"rendered":"http:\/\/misionescuatro.com.ar\/?p=20177"},"modified":"2024-12-27T15:30:01","modified_gmt":"2024-12-27T15:30:01","slug":"passalacqua-en-estas-elecciones-vamos-a-cuidar-lo-que-hicimos","status":"publish","type":"post","link":"https:\/\/misionescuatro.com.ar\/?p=20177","title":{"rendered":"Passalacqua: \u201cEn estas elecciones vamos a cuidar lo que hicimos\u201d"},"content":{"rendered":"\n<p><strong><em>El diputado y candidato a Gobernador por el Frente Renovador analiz\u00f3 que los ejes de campa\u00f1a pasar\u00e1n por defender la gesti\u00f3n del espacio pol\u00edtico durante los \u00faltimos a\u00f1os. Misiones llegar\u00e1 a las urnas el 7 de mayo durante la m\u00e1xima expresi\u00f3n democr\u00e1tica. La gesti\u00f3n ante la Naci\u00f3n \u201ces un punto vital para el misionerismo\u201d.<\/em><\/strong><\/p>\n\n\n\n<p>Por&nbsp;<em>Santiago Sanabria<\/em><\/p>\n\n\n\n<p>Ad\u00edas de las elecciones provinciales, los candidatos a los diferentes cargos p\u00fablicos puestos en juego a trav\u00e9s del voto del pueblo recorren cada punto de la tierra colorada con la premisa de llevar sus propuestas. Por parte del Frente Renovador, la estrategia pasa por defender lo conseguido durante los \u00faltimos a\u00f1os en materia productiva, educativa, industrial, sanitaria, econ\u00f3mica y pol\u00edticas p\u00fablicas abocadas al deporte, la juventud y el adulto mayor.&nbsp;<\/p>\n\n\n\n<p>El diputado y candidato al m\u00e1ximo escalaf\u00f3n del Ejecutivo&nbsp;<strong>Hugo Passalacqua<\/strong>&nbsp;analiz\u00f3 que la premisa b\u00e1sica de la campa\u00f1a de cara al 7 de mayo ser\u00e1&nbsp;<strong>\u201ccuidar lo que hicimos\u201d<\/strong>.&nbsp;<\/p>\n\n\n\n<p>En declaraciones a&nbsp;<em>FM Santa Mar\u00eda de las Misiones<\/em>, consider\u00f3 que la provincia es \u201cpujante por el valor de su gente, el misionero es muy valiente, va siempre para adelante y es un gran emprendedor\u201d. Las definiciones se deben a que la tierra colorada pas\u00f3 de ser la 18va generadora de riquezas a instalarse y afianzarse en la 7ma posici\u00f3n.&nbsp;<strong>\u201cEl motor m\u00f3vil es la gente de ac\u00e1, tenemos que cuidar eso\u201d<\/strong>, continu\u00f3.&nbsp;<\/p>\n\n\n\n<p>Cabe recordar que en esta oportunidad, las 988.736 personas habilitadas para sufragar lo har\u00e1n en el contexto provincial: \u201cLa gente tiene que evaluar las cosas que se hicieron,&nbsp;<strong>Oscar Herrera Ahuad<\/strong>&nbsp;es un tremendo gobernador, eso se tiene que analizar ahora\u201d, dijo. Adem\u00e1s, coment\u00f3 que como provincia y espacio pol\u00edtico aspiran a mantener vivas las gestiones \u201c<strong>por cuestiones vitales como el gasoducto<\/strong>\u201d.<\/p>\n\n\n\n<p>De los 24 distritos -23 provincias sumada la Ciudad Aut\u00f3noma de Buenos Aires- la \u00fanica que a\u00fan no cuenta con esta alternativa energ\u00e9tica es Misiones. Al respecto, Passalacqua defini\u00f3 a la situaci\u00f3n como \u201c<strong>un propulsor exponencial para la industria y el desarrollo. Si fuimos la 18va econom\u00eda del pa\u00eds y hoy somos la s\u00e9ptima, lo que podremos lograr con esa herramienta ser\u00e1 tremendo\u201d<\/strong>.&nbsp;<\/p>\n\n\n\n<p>En ese mismo sentido, comprendi\u00f3 que las decisiones que se han tomado en materia energ\u00e9tica -el\u00e9ctrica, gas\u00edfera y petrolera- en el sur del territorio nacional han sido justas, pero recalc\u00f3 que \u201c<strong>tambi\u00e9n hay que hacer justicia para Misiones<\/strong>\u201d, por estar introducida dentro de las dos econom\u00edas m\u00e1s poderosas de pa\u00edses vecinos.<\/p>\n\n\n\n<p>Hace pocos d\u00edas Passalacqua y Herrera Ahuad se reunieron con los intendentes de todos los municipios con un mensaje claro: \u201c<strong>El partido todav\u00eda est\u00e1 cero a cero, las urnas todav\u00eda est\u00e1n vac\u00edas y gana el que haga m\u00e1s goles<\/strong>\u201d, mencion\u00f3 el legislador con un idioma futbolero, con la idea fija en llevar el mensaje de que a\u00fan las elecciones no se han realizado y los trabajos deben continuar hasta el 7 de mayo.&nbsp;<\/p>\n\n\n\n<h5 class=\"wp-block-heading\">El v\u00ednculo con su compa\u00f1ero de f\u00f3rmula<\/h5>\n\n\n\n<p>Qui\u00e9n acompa\u00f1ar\u00e1 a Passalacqua como candidato a vicegobernador en la boleta de la Renovaci\u00f3n es&nbsp;<strong>Lucas Romero Spinelli<\/strong>. El joven diputado \u201cfue uno de los que hizo posible todo lo que hoy est\u00e1 a la vista\u201d, cont\u00f3 el experimentado funcionario.&nbsp;<\/p>\n\n\n\n<p>\u201cComenzamos trabajando juntos cuando fui gobernador y \u00e9l estuvo al mando del Polo Tic y ahora como compa\u00f1ero en la C\u00e1mara de Representantes\u201d, se\u00f1al\u00f3. Agreg\u00f3 tambi\u00e9n que fue parte clave de \u201cla piedra fundamental que significa Silicon Misiones\u201d, con una mirada nueva sobre las pol\u00edticas educativas, industriales y laborales.&nbsp;<\/p>\n\n\n\n<p>\u201cLucas es una persona muy formada, trabajadora, que anda mucho y que comprende que la verdad est\u00e1 en la calle, tengo la fortuna de tenerlo como vice\u201d, sostuvo.<\/p>\n\n\n\n<figure class=\"wp-block-image\"><img decoding=\"async\" src=\"https:\/\/i0.wp.com\/canal12misiones.com\/wp-content\/uploads\/2023\/04\/WhatsApp-Image-2023-04-26-at-20.16.08.jpeg?resize=1024%2C683&amp;ssl=1\" alt=\"\" class=\"wp-image-201866\"\/><\/figure>\n\n\n\n<p>Lucas es una persona muy formada, trabajadora, que anda mucho y que comprende que la verdad est\u00e1 en la calle, tengo la fortuna de tenerlo como viceHugo Passalacqua, candidato a gobernador<\/p>\n\n\n\n<h5 class=\"wp-block-heading\">El contexto nacional: un paralelismo del misionerismo&nbsp;<\/h5>\n\n\n\n<p>Dos provincias que llegaron a los comicios de manera previa a Misiones fueron Neuqu\u00e9n y R\u00edo Negro: \u201cEn ambos casos, el notorio descenso en el porcentaje del electorado fue un indicador de que hay cierta molestia por parte del electorado\u201d, lanz\u00f3 Passalacqua al ser consultado sobre la problem\u00e1tica evidenciada de cara a las Primarias Abiertas, Simult\u00e1neas y Obligatorias (PASO) y las generales en el territorio argentino.<\/p>\n\n\n\n<p>\u201cCost\u00f3 mucho ganarnos la democracia, lo que hizo la gente esta vez fue salir a quejarse. Nosotros pedimos que vayan a votar y valoren lo que se hizo y se puede hacer en Misiones, dejando las disputas nacionales fuera\u201d, sigui\u00f3 con su declaraci\u00f3n.&nbsp;<\/p>\n\n\n\n<p>En cuanto a la denominada grieta, explic\u00f3 que \u201cuno cuando ve que se pelean en todas las redes sociales se pregunta \u00bfCu\u00e1ndo van a pensar m\u00ed, en la gente de a pie?\u201d, sigui\u00f3 con su respuesta. Adem\u00e1s, dej\u00f3 en claro que \u201cla gran mayor\u00eda de los candidatos a la presidencia son todos de Buenos Aires, siguen pensando como el Virreinato del R\u00edo de la Plata y no como un pa\u00eds Federal\u201d.<\/p>\n\n\n\n<p><strong>Fuente: Canal 12 <\/strong><\/p>\n","protected":false},"excerpt":{"rendered":"<p>El diputado y candidato a Gobernador por el Frente Renovador analiz\u00f3 que los ejes de campa\u00f1a pasar\u00e1n por<\/p>\n","protected":false},"author":3,"featured_media":20178,"comment_status":"closed","ping_status":"closed","sticky":false,"template":"","format":"standard","meta":{"footnotes":""},"categories":[14],"tags":[],"class_list":["post-20177","post","type-post","status-publish","format-standard","has-post-thumbnail","hentry","category-politica"],"featured_image_urls":{"full":["https:\/\/misionescuatro.com.ar\/wp-content\/uploads\/2023\/04\/Gobierno.jpeg",1024,686,false],"thumbnail":["https:\/\/misionescuatro.com.ar\/wp-content\/uploads\/2023\/04\/Gobierno-150x150.jpeg",150,150,true],"medium":["https:\/\/misionescuatro.com.ar\/wp-content\/uploads\/2023\/04\/Gobierno-300x201.jpeg",300,201,true],"medium_large":["https:\/\/misionescuatro.com.ar\/wp-content\/uploads\/2023\/04\/Gobierno-768x515.jpeg",640,429,true],"large":["https:\/\/misionescuatro.com.ar\/wp-content\/uploads\/2023\/04\/Gobierno.jpeg",640,429,false],"1536x1536":["https:\/\/misionescuatro.com.ar\/wp-content\/uploads\/2023\/04\/Gobierno.jpeg",1024,686,false],"2048x2048":["https:\/\/misionescuatro.com.ar\/wp-content\/uploads\/2023\/04\/Gobierno.jpeg",1024,686,false],"wptouch-new-thumbnail":["https:\/\/misionescuatro.com.ar\/wp-content\/uploads\/2023\/04\/Gobierno.jpeg",144,96,false],"morenews-featured":["https:\/\/misionescuatro.com.ar\/wp-content\/uploads\/2023\/04\/Gobierno.jpeg",1024,686,false],"morenews-large":["https:\/\/misionescuatro.com.ar\/wp-content\/uploads\/2023\/04\/Gobierno.jpeg",825,553,false],"morenews-medium":["https:\/\/misionescuatro.com.ar\/wp-content\/uploads\/2023\/04\/Gobierno.jpeg",590,395,false]},"author_info":{"info":["Admin"]},"category_info":"<a href=\"https:\/\/misionescuatro.com.ar\/?cat=14\" rel=\"category\">Pol\u00edtica<\/a>","tag_info":"Pol\u00edtica","comment_count":"0","_links":{"self":[{"href":"https:\/\/misionescuatro.com.ar\/index.php?rest_route=\/wp\/v2\/posts\/20177","targetHints":{"allow":["GET"]}}],"collection":[{"href":"https:\/\/misionescuatro.com.ar\/index.php?rest_route=\/wp\/v2\/posts"}],"about":[{"href":"https:\/\/misionescuatro.com.ar\/index.php?rest_route=\/wp\/v2\/types\/post"}],"author":[{"embeddable":true,"href":"https:\/\/misionescuatro.com.ar\/index.php?rest_route=\/wp\/v2\/users\/3"}],"replies":[{"embeddable":true,"href":"https:\/\/misionescuatro.com.ar\/index.php?rest_route=%2Fwp%2Fv2%2Fcomments&post=20177"}],"version-history":[{"count":1,"href":"https:\/\/misionescuatro.com.ar\/index.php?rest_route=\/wp\/v2\/posts\/20177\/revisions"}],"predecessor-version":[{"id":20179,"href":"https:\/\/misionescuatro.com.ar\/index.php?rest_route=\/wp\/v2\/posts\/20177\/revisions\/20179"}],"wp:featuredmedia":[{"embeddable":true,"href":"https:\/\/misionescuatro.com.ar\/index.php?rest_route=\/wp\/v2\/media\/20178"}],"wp:attachment":[{"href":"https:\/\/misionescuatro.com.ar\/index.php?rest_route=%2Fwp%2Fv2%2Fmedia&parent=20177"}],"wp:term":[{"taxonomy":"category","embeddable":true,"href":"https:\/\/misionescuatro.com.ar\/index.php?rest_route=%2Fwp%2Fv2%2Fcategories&post=20177"},{"taxonomy":"post_tag","embeddable":true,"href":"https:\/\/misionescuatro.com.ar\/index.php?rest_route=%2Fwp%2Fv2%2Ftags&post=20177"}],"curies":[{"name":"wp","href":"https:\/\/api.w.org\/{rel}","templated":true}]}}