{"id":20189,"date":"2023-04-27T18:42:19","date_gmt":"2023-04-27T18:42:19","guid":{"rendered":"http:\/\/misionescuatro.com.ar\/?p=20189"},"modified":"2024-12-27T15:30:00","modified_gmt":"2024-12-27T15:30:00","slug":"massa-llamo-a-empresarios-a-hacer-un-acuerdo-de-precios-por-90-dias","status":"publish","type":"post","link":"https:\/\/misionescuatro.com.ar\/?p=20189","title":{"rendered":"Massa llam\u00f3 a empresarios a hacer un acuerdo de precios por 90 d\u00edas"},"content":{"rendered":"\n<figure class=\"wp-block-image\"><img decoding=\"async\" src=\"https:\/\/misionesopina.com.ar\/wp-content\/uploads\/2023\/04\/md-90-992x620.webp\" alt=\"\"\/><\/figure>\n\n\n\n<p>En medio de la crisis cambiaria que sacudi\u00f3 al pa\u00eds en los \u00faltimos d\u00edas, Sergio Massa recibi\u00f3 el mi\u00e9rcoles en el Ministerio de Econom\u00eda a referentes de la CGT y los movimientos sociales, quienes le manifestaron su respaldo contra \u201clos especuladores\u201d y \u201cremarcadores de precios\u201d.<\/p>\n\n\n\n<p>Massa se reuni\u00f3 en el sal\u00f3n Scalabrini Ortiz del Palacio de Hacienda con gremialistas y dirigentes para analizar la situaci\u00f3n econ\u00f3mica actual tras la tormenta causada por una vertiginosa escalada del d\u00f3lar blue.<\/p>\n\n\n\n<p>Durante el encuentro, el ministro asegur\u00f3: \u201cCreo que es clave, terminado el proceso de estabilizaci\u00f3n, sentar a la mesa a los empresarios con ustedes para de alguna manera establecer el sendero de los pr\u00f3ximos 90 d\u00edas; para que no haya trampas justificadas en esta trampa que algunos vivos intentaron generar\u201d.<\/p>\n\n\n\n<p>\u201cDe ac\u00e1 el viernes hay que trabajar en terminar de estabilizar los mercados y el funcionamiento macroecon\u00f3mico, para el fin de semana trabajar juntos, convocando los empresarios a dar un sendero de 90 d\u00edas de estabilidad, que permita que la gente viva sin miedo y tenga la certeza de que el Estado cumple con su rol\u201d, complet\u00f3.<\/p>\n\n\n\n<p>Previamente, hab\u00eda tomado la palabra el secretario general de la CGT, H\u00e9ctor Daer, quien afirm\u00f3: \u201cEstamos ac\u00e1 para garantizar el apoyo, la confianza y todo lo que tiene que ver con generar las condiciones de estabilidad para nuestro pueblo\u201d.<\/p>\n\n\n\n<p>\u201cNo vamos a ser simples espectadores de aquellos que especulan, estos peque\u00f1os grupos de vivos que, utilizando medios de timba, terminan perjudicando la econom\u00eda hogare\u00f1a de quienes tienen ingresos fijos en la Argentina\u201d, sostuvo Daer.<\/p>\n\n\n\n<p>Acto seguido, hizo un llamado a que quienes especularon con los precios que los retraigan.<\/p>\n\n\n\n<p>\u201cPor el bien de todos y todas, lo que tenemos que hacer es frente a esta actitud firme del ministerio de Econom\u00eda de nuestro Gobierno de salir a enfrentar a los especuladores, tambi\u00e9n tienen que retrotraer los precios, porque si no no generan sustentabilidad social estos incrementos y remarcaciones que se dieron\u201d, dispar\u00f3.<\/p>\n\n\n\n<p>Por su parte, Emilio P\u00e9rsico, del Movimiento Evita, coment\u00f3 que \u201cla crisis siempre la pagan los m\u00e1s humildes y que \u201chemos aprendido que las crisis no son nunca favorables a nuestro pueblo\u201d.<\/p>\n\n\n\n<p>\u201cHay gente que, parece mentira, se beneficia en la crisis; especula, aprovecha. Las crisis no son buenas nunca para los sectores populares. Siempre cuente con nosotros. Todos los sectores tenemos que hacer un frente com\u00fan frente a la crisis\u201d, sostuvo.<\/p>\n\n\n\n<figure class=\"wp-block-embed-youtube wp-block-embed is-type-video is-provider-youtube wp-embed-aspect-16-9 wp-has-aspect-ratio\"><div class=\"wp-block-embed__wrapper\">\n<iframe loading=\"lazy\" title=\"Reuni\u00f3n con gremios y organizaciones sociales\" width=\"640\" height=\"360\" src=\"https:\/\/www.youtube.com\/embed\/Q_dCupmaKP4?feature=oembed\" frameborder=\"0\" allow=\"accelerometer; autoplay; clipboard-write; encrypted-media; gyroscope; picture-in-picture; web-share\" referrerpolicy=\"strict-origin-when-cross-origin\" allowfullscreen><\/iframe>\n<\/div><\/figure>\n\n\n\n<p><strong>Fuente: Misiones Opina <\/strong><\/p>\n","protected":false},"excerpt":{"rendered":"<p>En medio de la crisis cambiaria que sacudi\u00f3 al pa\u00eds en los \u00faltimos d\u00edas, Sergio Massa recibi\u00f3 el<\/p>\n","protected":false},"author":3,"featured_media":18760,"comment_status":"closed","ping_status":"closed","sticky":false,"template":"","format":"standard","meta":{"footnotes":""},"categories":[5],"tags":[],"class_list":["post-20189","post","type-post","status-publish","format-standard","has-post-thumbnail","hentry","category-economia"],"featured_image_urls":{"full":["https:\/\/misionescuatro.com.ar\/wp-content\/uploads\/2023\/02\/Massa.jpg",696,452,false],"thumbnail":["https:\/\/misionescuatro.com.ar\/wp-content\/uploads\/2023\/02\/Massa-150x150.jpg",150,150,true],"medium":["https:\/\/misionescuatro.com.ar\/wp-content\/uploads\/2023\/02\/Massa-300x195.jpg",300,195,true],"medium_large":["https:\/\/misionescuatro.com.ar\/wp-content\/uploads\/2023\/02\/Massa.jpg",640,416,false],"large":["https:\/\/misionescuatro.com.ar\/wp-content\/uploads\/2023\/02\/Massa.jpg",640,416,false],"1536x1536":["https:\/\/misionescuatro.com.ar\/wp-content\/uploads\/2023\/02\/Massa.jpg",696,452,false],"2048x2048":["https:\/\/misionescuatro.com.ar\/wp-content\/uploads\/2023\/02\/Massa.jpg",696,452,false],"wptouch-new-thumbnail":["https:\/\/misionescuatro.com.ar\/wp-content\/uploads\/2023\/02\/Massa.jpg",144,94,false],"morenews-featured":["https:\/\/misionescuatro.com.ar\/wp-content\/uploads\/2023\/02\/Massa.jpg",696,452,false],"morenews-large":["https:\/\/misionescuatro.com.ar\/wp-content\/uploads\/2023\/02\/Massa.jpg",696,452,false],"morenews-medium":["https:\/\/misionescuatro.com.ar\/wp-content\/uploads\/2023\/02\/Massa.jpg",590,383,false]},"author_info":{"info":["Admin"]},"category_info":"<a href=\"https:\/\/misionescuatro.com.ar\/?cat=5\" rel=\"category\">Econom\u00eda<\/a>","tag_info":"Econom\u00eda","comment_count":"0","_links":{"self":[{"href":"https:\/\/misionescuatro.com.ar\/index.php?rest_route=\/wp\/v2\/posts\/20189","targetHints":{"allow":["GET"]}}],"collection":[{"href":"https:\/\/misionescuatro.com.ar\/index.php?rest_route=\/wp\/v2\/posts"}],"about":[{"href":"https:\/\/misionescuatro.com.ar\/index.php?rest_route=\/wp\/v2\/types\/post"}],"author":[{"embeddable":true,"href":"https:\/\/misionescuatro.com.ar\/index.php?rest_route=\/wp\/v2\/users\/3"}],"replies":[{"embeddable":true,"href":"https:\/\/misionescuatro.com.ar\/index.php?rest_route=%2Fwp%2Fv2%2Fcomments&post=20189"}],"version-history":[{"count":1,"href":"https:\/\/misionescuatro.com.ar\/index.php?rest_route=\/wp\/v2\/posts\/20189\/revisions"}],"predecessor-version":[{"id":20190,"href":"https:\/\/misionescuatro.com.ar\/index.php?rest_route=\/wp\/v2\/posts\/20189\/revisions\/20190"}],"wp:featuredmedia":[{"embeddable":true,"href":"https:\/\/misionescuatro.com.ar\/index.php?rest_route=\/wp\/v2\/media\/18760"}],"wp:attachment":[{"href":"https:\/\/misionescuatro.com.ar\/index.php?rest_route=%2Fwp%2Fv2%2Fmedia&parent=20189"}],"wp:term":[{"taxonomy":"category","embeddable":true,"href":"https:\/\/misionescuatro.com.ar\/index.php?rest_route=%2Fwp%2Fv2%2Fcategories&post=20189"},{"taxonomy":"post_tag","embeddable":true,"href":"https:\/\/misionescuatro.com.ar\/index.php?rest_route=%2Fwp%2Fv2%2Ftags&post=20189"}],"curies":[{"name":"wp","href":"https:\/\/api.w.org\/{rel}","templated":true}]}}