{"id":21482,"date":"2025-05-15T12:55:53","date_gmt":"2025-05-15T12:55:53","guid":{"rendered":"https:\/\/misionescuatro.com.ar\/?p=21482"},"modified":"2025-05-15T12:57:22","modified_gmt":"2025-05-15T12:57:22","slug":"ramon-puerta-y-mauricio-macri-un-oscuro-entramado-de-negocios-y-politica-en-la-tierra-colorada","status":"publish","type":"post","link":"https:\/\/misionescuatro.com.ar\/?p=21482","title":{"rendered":"Ram\u00f3n Puerta y Mauricio Macri, un oscuro entramado de negocios y pol\u00edtica en la Tierra Colorada"},"content":{"rendered":"\n<p>El periodista An\u00edbal Kowalski analiz\u00f3 en Canal 12 la relaci\u00f3n entre Mauricio Macri y Misiones, su v\u00ednculo con Ram\u00f3n Puerta y contrataciones p\u00fablicas. Tambi\u00e9n habl\u00f3 sobre la actualidad pol\u00edtica del expresidente y el impacto de Javier Milei en el PRO.<\/p>\n\n\n\n<p>En una entrevista en Canal 12, el periodista An\u00edbal Kowalski reconstruy\u00f3 la relaci\u00f3n entre Mauricio Macri y Misiones, en particular sus v\u00ednculos con el exgobernador Ram\u00f3n Puerta. Record\u00f3 que el expresidente tuvo domicilio en la provincia durante las gestiones de Puerta en la d\u00e9cada de 1990. En eso hizo referencias a \u201clas obras p\u00fablicas hechas por la empresa de Macri en la provincia de Misiones\u201d. En ese aspecto, mencion\u00f3 a la constructora vinculada a la familia Macri, que ejecut\u00f3 el primer tramo de la costanera de Posadas, sin participaci\u00f3n de empresas locales.<\/p>\n\n\n\n<p>El v\u00ednculo con Puerta, de acuerdo a lo comentado por Kowalski en \u201cEl Periodista\u201d, permiti\u00f3 que Macri realizara m\u00faltiples negocios en la provincia. Entre ellos, mencion\u00f3 una ruta que conectaba Ober\u00e1 con Posadas, en la que se detectaron irregularidades. \u201cMe acuerdo que me hicieron una entrevista ah\u00ed en el lugar porque me dieron la ruta y faltaba 5 cm de cada lado\u201d, sostuvo en el programa \u201cEl Periodista\u201d. El dato fue confirmado en su momento por un ingeniero local, seg\u00fan relat\u00f3. Esa reducci\u00f3n en el ancho de la calzada, aunque m\u00ednima en apariencia, representaba un volumen considerable de asfalto al extenderse por varios kil\u00f3metros.<\/p>\n\n\n\n<p>Audio revelador y empresas adjudicadas a Macri<br>En otro tramo de la entrevista, mencion\u00f3 que la central hidroel\u00e9ctrica Urugua-\u00ed tambi\u00e9n qued\u00f3 bajo control de una de las empresas de Macri durante la gesti\u00f3n de Puerta. A modo de ejemplo, el programa reprodujo un audio de comienzos de los a\u00f1os 2000 entre Ram\u00f3n Puerta y el ex secretario de Inteligencia Miguel \u00c1ngel Toma, donde el primero expres\u00f3 que Macri \u201cpag\u00f3 un alto precio\u201d por su amistad con \u00e9l, al no poder construir en la provincia mientras era gobernador.<\/p>\n\n\n\n<p>An\u00edbal Kowalski, periodista de Misiones<br>En su interpretaci\u00f3n, las condiciones de cercan\u00eda personal habr\u00edan facilitado contrataciones p\u00fablicas, incluso con pagos sin ejecuci\u00f3n de obras completas. \u201cAprovecharon, por supuesto. Cobraba igual, dijo\u201d, agreg\u00f3.<\/p>\n\n\n\n<p>Ficha limpia y disputa con el kirchnerismo<br>La entrevista abord\u00f3 tambi\u00e9n la actualidad pol\u00edtica de Macri. Seg\u00fan Kowalski, su insistencia en promover la ley de \u201cficha limpia\u201d en la ciudad de Buenos Aires estuvo dirigida a consolidar un eje discursivo para la campa\u00f1a porte\u00f1a. Agreg\u00f3 que el objetivo del macrismo era posicionar el tema en contraste con la situaci\u00f3n judicial de Cristina Fern\u00e1ndez de Kirchner. Adem\u00e1s, el periodista remarc\u00f3 que la Corte Suprema tiene en sus manos la causa Vialidad desde hace casi dos d\u00e9cadas<\/p>\n\n\n\n<p>La supervivencia del PRO ante el avance de Milei<br>El periodista advirti\u00f3 que el espacio pol\u00edtico de Macri atraviesa un momento de redefiniciones ante el avance de Javier Milei. Seg\u00fan su an\u00e1lisis, las bases electorales del PRO y de La Libertad Avanza son similares, lo que podr\u00eda acelerar la fuga de dirigentes. \u201cLa contundencia de las pol\u00edticas econ\u00f3micas de Milei va a hacer que el PRO vaya desapareciendo\u201d, se\u00f1al\u00f3.<\/p>\n\n\n\n<p>En ello, agreg\u00f3 que el PRO \u201cterminara absorbido totalmente por la Libertad Avanza porque este proceso de que la la inflaci\u00f3n va a seguir seguir bajando. Se va a seguir consolidando la econom\u00eda y el poder adquisitivo va a ir subiendo lentamente, pero va a seguir subiendo. Eso va a permitir que justamente se consolide en octubre este la libertad avanza, cada vez m\u00e1s. Y Macri se va a ver obligado a aliarse con con para no volver a repetir un mal resultado\u201d.<\/p>\n\n\n\n<p>Sobre la relaci\u00f3n entre Mauricio Macri y Ram\u00f3n Puerta, sostuvo que a\u00fan se mantiene vigente, aunque consider\u00f3 que ambos est\u00e1n pol\u00edticamente debilitados. \u201cEst\u00e1n para atr\u00e1s\u201d, resumi\u00f3.<\/p>\n\n\n\n<p>canal12misiones.com<\/p>\n","protected":false},"excerpt":{"rendered":"<p>El periodista An\u00edbal Kowalski analiz\u00f3 en Canal 12 la relaci\u00f3n entre Mauricio Macri y Misiones, su v\u00ednculo con<\/p>\n","protected":false},"author":3,"featured_media":21483,"comment_status":"open","ping_status":"open","sticky":false,"template":"","format":"standard","meta":{"footnotes":""},"categories":[6,7],"tags":[837,838,836],"class_list":["post-21482","post","type-post","status-publish","format-standard","has-post-thumbnail","hentry","category-judiciales","category-policiales","tag-macri-corrupcion","tag-negocios-en-misiones","tag-puerta-corrupcion"],"featured_image_urls":{"full":["https:\/\/misionescuatro.com.ar\/wp-content\/uploads\/2025\/05\/Ramon-puerta-y-macri.jpeg",468,473,false],"thumbnail":["https:\/\/misionescuatro.com.ar\/wp-content\/uploads\/2025\/05\/Ramon-puerta-y-macri-150x150.jpeg",150,150,true],"medium":["https:\/\/misionescuatro.com.ar\/wp-content\/uploads\/2025\/05\/Ramon-puerta-y-macri-297x300.jpeg",297,300,true],"medium_large":["https:\/\/misionescuatro.com.ar\/wp-content\/uploads\/2025\/05\/Ramon-puerta-y-macri.jpeg",468,473,false],"large":["https:\/\/misionescuatro.com.ar\/wp-content\/uploads\/2025\/05\/Ramon-puerta-y-macri.jpeg",468,473,false],"1536x1536":["https:\/\/misionescuatro.com.ar\/wp-content\/uploads\/2025\/05\/Ramon-puerta-y-macri.jpeg",468,473,false],"2048x2048":["https:\/\/misionescuatro.com.ar\/wp-content\/uploads\/2025\/05\/Ramon-puerta-y-macri.jpeg",468,473,false],"wptouch-new-thumbnail":["https:\/\/misionescuatro.com.ar\/wp-content\/uploads\/2025\/05\/Ramon-puerta-y-macri-144x144.jpeg",144,144,true],"morenews-featured":["https:\/\/misionescuatro.com.ar\/wp-content\/uploads\/2025\/05\/Ramon-puerta-y-macri.jpeg",468,473,false],"morenews-large":["https:\/\/misionescuatro.com.ar\/wp-content\/uploads\/2025\/05\/Ramon-puerta-y-macri.jpeg",468,473,false],"morenews-medium":["https:\/\/misionescuatro.com.ar\/wp-content\/uploads\/2025\/05\/Ramon-puerta-y-macri-468x410.jpeg",468,410,true]},"author_info":{"info":["Admin"]},"category_info":"<a href=\"https:\/\/misionescuatro.com.ar\/?cat=6\" rel=\"category\">Judiciales<\/a> <a href=\"https:\/\/misionescuatro.com.ar\/?cat=7\" rel=\"category\">Policiales<\/a>","tag_info":"Policiales","comment_count":"0","_links":{"self":[{"href":"https:\/\/misionescuatro.com.ar\/index.php?rest_route=\/wp\/v2\/posts\/21482","targetHints":{"allow":["GET"]}}],"collection":[{"href":"https:\/\/misionescuatro.com.ar\/index.php?rest_route=\/wp\/v2\/posts"}],"about":[{"href":"https:\/\/misionescuatro.com.ar\/index.php?rest_route=\/wp\/v2\/types\/post"}],"author":[{"embeddable":true,"href":"https:\/\/misionescuatro.com.ar\/index.php?rest_route=\/wp\/v2\/users\/3"}],"replies":[{"embeddable":true,"href":"https:\/\/misionescuatro.com.ar\/index.php?rest_route=%2Fwp%2Fv2%2Fcomments&post=21482"}],"version-history":[{"count":1,"href":"https:\/\/misionescuatro.com.ar\/index.php?rest_route=\/wp\/v2\/posts\/21482\/revisions"}],"predecessor-version":[{"id":21484,"href":"https:\/\/misionescuatro.com.ar\/index.php?rest_route=\/wp\/v2\/posts\/21482\/revisions\/21484"}],"wp:featuredmedia":[{"embeddable":true,"href":"https:\/\/misionescuatro.com.ar\/index.php?rest_route=\/wp\/v2\/media\/21483"}],"wp:attachment":[{"href":"https:\/\/misionescuatro.com.ar\/index.php?rest_route=%2Fwp%2Fv2%2Fmedia&parent=21482"}],"wp:term":[{"taxonomy":"category","embeddable":true,"href":"https:\/\/misionescuatro.com.ar\/index.php?rest_route=%2Fwp%2Fv2%2Fcategories&post=21482"},{"taxonomy":"post_tag","embeddable":true,"href":"https:\/\/misionescuatro.com.ar\/index.php?rest_route=%2Fwp%2Fv2%2Ftags&post=21482"}],"curies":[{"name":"wp","href":"https:\/\/api.w.org\/{rel}","templated":true}]}}