{"id":21522,"date":"2025-05-17T22:54:54","date_gmt":"2025-05-17T22:54:54","guid":{"rendered":"https:\/\/misionescuatro.com.ar\/?p=21522"},"modified":"2025-05-17T22:56:12","modified_gmt":"2025-05-17T22:56:12","slug":"priscila-luzne-reivindico-el-rol-de-los-productores-y-llamo-a-fortalecer-la-soberania-alimentaria","status":"publish","type":"post","link":"https:\/\/misionescuatro.com.ar\/?p=21522","title":{"rendered":"Priscila Luzne reivindic\u00f3 el rol de los productores y llam\u00f3 a fortalecer la soberan\u00eda alimentaria"},"content":{"rendered":"\n<p>Se trata de uno de los ejes que impulsar\u00e1 la candidata a diputada provincial por el Frente Renovador Neo, con el objetivo de consolidar una red de capacitaciones t\u00e9cnicas, planificaci\u00f3n territorial y pol\u00edticas p\u00fablicas. Tambi\u00e9n que incentiven a los j\u00f3venes formados a desarrollarse en sus propias comunidades.<\/p>\n\n\n\n<p><br>La candidata a diputada provincial por el Frente Renovador Neo, Priscila Luzne, plante\u00f3 la necesidad de una pol\u00edtica de arraigo para evitar la migraci\u00f3n de j\u00f3venes capacitados hacia otros destinos. Adem\u00e1s, valor\u00f3 llam\u00f3 a fortalecer pol\u00edticas p\u00fablicas que impulsen pr\u00e1cticas sostenibles.<\/p>\n\n\n\n<p>En una entrevista con LT 17 Radio Provincia , la dirigente explic\u00f3 que su propuesta busca \u201cque la gente siga trabajando, apostando en su pueblo, que se quede\u201d. As\u00ed, relat\u00f3 su experiencia reciente en una recorrida por aserraderos y una metal\u00fargica en Dos de Mayo a donde le \u201ccomentaron lo que estaban necesitando, apoyo nuestro\u201d.<\/p>\n\n\n\n<p>Adem\u00e1s, Luzne reflej\u00f3 su compromiso de proteger el trabajo rural, defender la soberan\u00eda alimentaria y construir m\u00e1s espacios de encuentro entre quienes producen y quienes eligen alimentarse de forma consciente y saludable.<\/p>\n\n\n\n<p>Durante esas visitas, Luzne detect\u00f3 un patr\u00f3n que afecta a las industrias locales, sostuvo que \u201cla idea es que sigan trabajando en pueblos, como ser\u00e1 ac\u00e1 2 de Mayo, que la gente de 2 de Mayo se quede en 2 de Mayo\u201d.<\/p>\n\n\n\n<p>Propuesta de arraigo desde la experiencia productiva<br>Justamente, Luzne, de 26 a\u00f1os, afirm\u00f3 que su compromiso con la pol\u00edtica surge desde su experiencia como productora agropecuaria. \u201cEmpec\u00e9 porque, como sabr\u00e1n, soy productora y veo la necesidad de los productores que la pol\u00edtica est\u00e9 ah\u00ed junto con ellos caminando a la par\u201d, expres\u00f3. Adem\u00e1s, destac\u00f3 que su candidatura forma parte de una construcci\u00f3n colectiva.<\/p>\n\n\n\n<p>Consultada sobre el impacto de su candidatura en su entorno, se\u00f1al\u00f3 que \u201cexcelente, tengo muy buena repercusi\u00f3n con la gente, todos quedan felices\u201d. A\u00f1adi\u00f3 que \u201cme dicen, \u2018Priscila, me siento feliz que seas parte de este grupo, en el cual sabemos que vas a trabajar much\u00edsimo porque te conocemos, conocemos a tu familia que son muy trabajadores\u2019\u201d.<\/p>\n\n\n\n<p>Acompa\u00f1amiento familiar y mensaje a los j\u00f3venes<br>Respecto a su c\u00edrculo m\u00e1s cercano, Luzne valor\u00f3 el acompa\u00f1amiento de sus seres queridos: \u201cMi familia much\u00edsimo y mi novio tambi\u00e9n, as\u00ed que ese creo que es el apoyo incondicional que tengo\u201d. Durante la entrevista, tambi\u00e9n se dirigi\u00f3 a otros j\u00f3venes de zonas rurales que, como ella, combinan el trabajo en el campo con la formaci\u00f3n t\u00e9cnica y acad\u00e9mica, para \u201cque se involucren en la pol\u00edtica porque te abre las puertas, te da posibilidades, todo\u201d.<\/p>\n\n\n\n<p>En ello, resalt\u00f3 que su juventud representa una oportunidad. Justamente, asegur\u00f3 que, \u201chay que seguir trabajando\u201d.<\/p>\n\n\n\n<p>Un llamado al electorado misionero<br>En el cierre de la entrevista, la candidata se dirigi\u00f3 a los votantes de toda la provincia con un pedido concreto de acompa\u00f1amiento electoral. \u201cSomos un excelente equipo. Est\u00e1 dirigido por el ingeniero Rovira que \u00e9l ve todos los aspectos, desde el agro, la salud, la educaci\u00f3n, la rob\u00f3tica, todo\u201d, afirm\u00f3.<\/p>\n\n\n\n<p>cana12misiones.com<\/p>\n","protected":false},"excerpt":{"rendered":"<p>Se trata de uno de los ejes que impulsar\u00e1 la candidata a diputada provincial por el Frente Renovador<\/p>\n","protected":false},"author":3,"featured_media":21523,"comment_status":"open","ping_status":"open","sticky":false,"template":"","format":"standard","meta":{"footnotes":""},"categories":[397,19,14],"tags":[857,856],"class_list":["post-21522","post","type-post","status-publish","format-standard","has-post-thumbnail","hentry","category-agro","category-ecologia","category-politica","tag-agro-misionero","tag-luzne-diputada"],"featured_image_urls":{"full":["https:\/\/misionescuatro.com.ar\/wp-content\/uploads\/2025\/05\/prislila-luzne.jpeg",1600,1066,false],"thumbnail":["https:\/\/misionescuatro.com.ar\/wp-content\/uploads\/2025\/05\/prislila-luzne-150x150.jpeg",150,150,true],"medium":["https:\/\/misionescuatro.com.ar\/wp-content\/uploads\/2025\/05\/prislila-luzne-300x200.jpeg",300,200,true],"medium_large":["https:\/\/misionescuatro.com.ar\/wp-content\/uploads\/2025\/05\/prislila-luzne-768x512.jpeg",640,427,true],"large":["https:\/\/misionescuatro.com.ar\/wp-content\/uploads\/2025\/05\/prislila-luzne-1153x768.jpeg",640,426,true],"1536x1536":["https:\/\/misionescuatro.com.ar\/wp-content\/uploads\/2025\/05\/prislila-luzne-1536x1023.jpeg",1536,1023,true],"2048x2048":["https:\/\/misionescuatro.com.ar\/wp-content\/uploads\/2025\/05\/prislila-luzne.jpeg",1600,1066,false],"wptouch-new-thumbnail":["https:\/\/misionescuatro.com.ar\/wp-content\/uploads\/2025\/05\/prislila-luzne-144x144.jpeg",144,144,true],"morenews-featured":["https:\/\/misionescuatro.com.ar\/wp-content\/uploads\/2025\/05\/prislila-luzne-1024x682.jpeg",1024,682,true],"morenews-large":["https:\/\/misionescuatro.com.ar\/wp-content\/uploads\/2025\/05\/prislila-luzne-825x575.jpeg",825,575,true],"morenews-medium":["https:\/\/misionescuatro.com.ar\/wp-content\/uploads\/2025\/05\/prislila-luzne-590x410.jpeg",590,410,true]},"author_info":{"info":["Admin"]},"category_info":"<a href=\"https:\/\/misionescuatro.com.ar\/?cat=397\" rel=\"category\">Agro<\/a> <a href=\"https:\/\/misionescuatro.com.ar\/?cat=19\" rel=\"category\">Ecolog\u00eda<\/a> <a href=\"https:\/\/misionescuatro.com.ar\/?cat=14\" rel=\"category\">Pol\u00edtica<\/a>","tag_info":"Pol\u00edtica","comment_count":"0","_links":{"self":[{"href":"https:\/\/misionescuatro.com.ar\/index.php?rest_route=\/wp\/v2\/posts\/21522","targetHints":{"allow":["GET"]}}],"collection":[{"href":"https:\/\/misionescuatro.com.ar\/index.php?rest_route=\/wp\/v2\/posts"}],"about":[{"href":"https:\/\/misionescuatro.com.ar\/index.php?rest_route=\/wp\/v2\/types\/post"}],"author":[{"embeddable":true,"href":"https:\/\/misionescuatro.com.ar\/index.php?rest_route=\/wp\/v2\/users\/3"}],"replies":[{"embeddable":true,"href":"https:\/\/misionescuatro.com.ar\/index.php?rest_route=%2Fwp%2Fv2%2Fcomments&post=21522"}],"version-history":[{"count":1,"href":"https:\/\/misionescuatro.com.ar\/index.php?rest_route=\/wp\/v2\/posts\/21522\/revisions"}],"predecessor-version":[{"id":21524,"href":"https:\/\/misionescuatro.com.ar\/index.php?rest_route=\/wp\/v2\/posts\/21522\/revisions\/21524"}],"wp:featuredmedia":[{"embeddable":true,"href":"https:\/\/misionescuatro.com.ar\/index.php?rest_route=\/wp\/v2\/media\/21523"}],"wp:attachment":[{"href":"https:\/\/misionescuatro.com.ar\/index.php?rest_route=%2Fwp%2Fv2%2Fmedia&parent=21522"}],"wp:term":[{"taxonomy":"category","embeddable":true,"href":"https:\/\/misionescuatro.com.ar\/index.php?rest_route=%2Fwp%2Fv2%2Fcategories&post=21522"},{"taxonomy":"post_tag","embeddable":true,"href":"https:\/\/misionescuatro.com.ar\/index.php?rest_route=%2Fwp%2Fv2%2Ftags&post=21522"}],"curies":[{"name":"wp","href":"https:\/\/api.w.org\/{rel}","templated":true}]}}