{"id":22060,"date":"2025-11-03T12:23:34","date_gmt":"2025-11-03T12:23:34","guid":{"rendered":"https:\/\/misionescuatro.com.ar\/?p=22060"},"modified":"2025-11-03T12:23:39","modified_gmt":"2025-11-03T12:23:39","slug":"diego-santilli-fue-designado-ministro-del-interior","status":"publish","type":"post","link":"https:\/\/misionescuatro.com.ar\/?p=22060","title":{"rendered":"Diego Santilli fue designado ministro del Interior"},"content":{"rendered":"\n<p>El diputado electo por La Libertad Avanza en la provincia de Buenos Aires reemplazar\u00e1 a Lisandro Catal\u00e1n.<br>domingo 2 de noviembre de 2025 18:07<br><\/p>\n\n\n\n<p>El presidente Javier Milei anunci\u00f3 este domingo que Diego Santilli ser\u00e1 el nuevo ministro del Interior, en lugar de Lisandro Catal\u00e1n. Lo hizo a trav\u00e9s de su cuenta oficial de X en la que poste\u00f3 una foto con el diputado reelecto por la provincia de Buenos Aires.<\/p>\n\n\n\n<p>La decisi\u00f3n de Milei se enmarca dentro de un proceso de reordenamiento de su Gabinete, tras la victoria en las elecciones legislativas nacionales del domingo, comicios en los que Santilli se impuso por una corta diferencia al peronismo en la provincia de Buenos Aires, territorio en el que la Alianza La Libertad Avanza hab\u00eda sido derrotada en septiembre.<\/p>\n\n\n\n<p>\u201cTenemos ministro del Interior: bienvenido Colo Santilli\u201d, escribi\u00f3 Milei y sigui\u00f3: \u201cDiego ser\u00e1 quien llevar\u00e1 adelante las conversaciones con gobernadores y legisladores para poder articular con el Congreso de la Naci\u00f3n cada uno de los consensos necesarios para las reformas que vienen de cara al futuro\u201d.<\/p>\n\n\n\n<p>Horas atr\u00e1s, y para afianzar el apoyo al presidente Milei, Santilli respald\u00f3 la decisi\u00f3n de no invitar al gobernador de la provincia de Buenos Aires, Axel Kicillof, al encuentro con los mandatarios provinciales que se llevar\u00e1 a cabo en Casa Rosada.<\/p>\n\n\n\n<p>El hasta ayer diputado electo calific\u00f3, en un canal de televisi\u00f3n, al gobernador bonaerense de tener un \u00abdoble discurso\u00bb, porque si bien le escribi\u00f3 una carta abierta para \u201cdialogar con aquellos que considera enemigos\u201d, gestiona y manda a votar \u201ctodo en contra\u201d de lo que hace LLA: \u201cNo vot\u00f3 Boleta \u00danica, no fue al Pacto de Mayo, no adhiri\u00f3 a reincidencia y reiterancia, no adhiri\u00f3 a ley antimafia, \u00bfD\u00f3nde est\u00e1, por qu\u00e9 tiene ese doble discurso?\u00bb, cuestion\u00f3.<\/p>\n\n\n\n<p>Santilli es un dirigente con amplio recorrido en la pol\u00edtica nacional y, principalmente, en el PRO que fund\u00f3 a principios de este siglo el ex presidente Mauricio Macri. Fue de los primeros cuadros del partido amarillo que se mostr\u00f3 dispuesto a converger con los libertarios, despu\u00e9s de la victoria de Milei en las presidenciales del 2023.<\/p>\n\n\n\n<p>Esta designaci\u00f3n a un (ex) hombre del PRO como parte del Gabinete Nacional se anunci\u00f3 luego de que el expresidente Macri confirmara que, despu\u00e9s del encuentro con Milei en Olivos, \u201cno lograron ponerse de acuerdo\u201d, al mismo tiempo que critic\u00f3 fuertemente la salida de Guillermo Francos y el reemplazo en su lugar del ex vocero presidencial Manuel Adorni, a quien se\u00f1al\u00f3 de \u201cno tener experiencia\u201d.<\/p>\n\n\n\n<p>noticiasargentinas.com<\/p>\n","protected":false},"excerpt":{"rendered":"<p>El diputado electo por La Libertad Avanza en la provincia de Buenos Aires reemplazar\u00e1 a Lisandro Catal\u00e1n.domingo 2<\/p>\n","protected":false},"author":3,"featured_media":22061,"comment_status":"open","ping_status":"open","sticky":false,"template":"","format":"standard","meta":{"footnotes":""},"categories":[2,14],"tags":[234,620,1008],"class_list":["post-22060","post","type-post","status-publish","format-standard","has-post-thumbnail","hentry","category-nacionales","category-politica","tag-milei","tag-ministro","tag-santilli"],"featured_image_urls":{"full":["https:\/\/misionescuatro.com.ar\/wp-content\/uploads\/2025\/11\/santilli-ministro-.png",657,422,false],"thumbnail":["https:\/\/misionescuatro.com.ar\/wp-content\/uploads\/2025\/11\/santilli-ministro--150x150.png",150,150,true],"medium":["https:\/\/misionescuatro.com.ar\/wp-content\/uploads\/2025\/11\/santilli-ministro--300x193.png",300,193,true],"medium_large":["https:\/\/misionescuatro.com.ar\/wp-content\/uploads\/2025\/11\/santilli-ministro-.png",640,411,false],"large":["https:\/\/misionescuatro.com.ar\/wp-content\/uploads\/2025\/11\/santilli-ministro-.png",640,411,false],"1536x1536":["https:\/\/misionescuatro.com.ar\/wp-content\/uploads\/2025\/11\/santilli-ministro-.png",657,422,false],"2048x2048":["https:\/\/misionescuatro.com.ar\/wp-content\/uploads\/2025\/11\/santilli-ministro-.png",657,422,false],"wptouch-new-thumbnail":["https:\/\/misionescuatro.com.ar\/wp-content\/uploads\/2025\/11\/santilli-ministro--144x144.png",144,144,true],"morenews-featured":["https:\/\/misionescuatro.com.ar\/wp-content\/uploads\/2025\/11\/santilli-ministro-.png",657,422,false],"morenews-large":["https:\/\/misionescuatro.com.ar\/wp-content\/uploads\/2025\/11\/santilli-ministro-.png",657,422,false],"morenews-medium":["https:\/\/misionescuatro.com.ar\/wp-content\/uploads\/2025\/11\/santilli-ministro--590x410.png",590,410,true]},"author_info":{"info":["Admin"]},"category_info":"<a href=\"https:\/\/misionescuatro.com.ar\/?cat=2\" rel=\"category\">Nacionales<\/a> <a href=\"https:\/\/misionescuatro.com.ar\/?cat=14\" rel=\"category\">Pol\u00edtica<\/a>","tag_info":"Pol\u00edtica","comment_count":"0","_links":{"self":[{"href":"https:\/\/misionescuatro.com.ar\/index.php?rest_route=\/wp\/v2\/posts\/22060","targetHints":{"allow":["GET"]}}],"collection":[{"href":"https:\/\/misionescuatro.com.ar\/index.php?rest_route=\/wp\/v2\/posts"}],"about":[{"href":"https:\/\/misionescuatro.com.ar\/index.php?rest_route=\/wp\/v2\/types\/post"}],"author":[{"embeddable":true,"href":"https:\/\/misionescuatro.com.ar\/index.php?rest_route=\/wp\/v2\/users\/3"}],"replies":[{"embeddable":true,"href":"https:\/\/misionescuatro.com.ar\/index.php?rest_route=%2Fwp%2Fv2%2Fcomments&post=22060"}],"version-history":[{"count":1,"href":"https:\/\/misionescuatro.com.ar\/index.php?rest_route=\/wp\/v2\/posts\/22060\/revisions"}],"predecessor-version":[{"id":22062,"href":"https:\/\/misionescuatro.com.ar\/index.php?rest_route=\/wp\/v2\/posts\/22060\/revisions\/22062"}],"wp:featuredmedia":[{"embeddable":true,"href":"https:\/\/misionescuatro.com.ar\/index.php?rest_route=\/wp\/v2\/media\/22061"}],"wp:attachment":[{"href":"https:\/\/misionescuatro.com.ar\/index.php?rest_route=%2Fwp%2Fv2%2Fmedia&parent=22060"}],"wp:term":[{"taxonomy":"category","embeddable":true,"href":"https:\/\/misionescuatro.com.ar\/index.php?rest_route=%2Fwp%2Fv2%2Fcategories&post=22060"},{"taxonomy":"post_tag","embeddable":true,"href":"https:\/\/misionescuatro.com.ar\/index.php?rest_route=%2Fwp%2Fv2%2Ftags&post=22060"}],"curies":[{"name":"wp","href":"https:\/\/api.w.org\/{rel}","templated":true}]}}