{"id":5576,"date":"2020-02-07T16:11:13","date_gmt":"2020-02-07T16:11:13","guid":{"rendered":"http:\/\/misionescuatro.com.ar\/?p=5576"},"modified":"2024-12-27T15:44:41","modified_gmt":"2024-12-27T15:44:41","slug":"frenan-tala-de-arboles-nativos-en-lote-dentro-de-territorio-mbya","status":"publish","type":"post","link":"https:\/\/misionescuatro.com.ar\/?p=5576","title":{"rendered":"Frenan tala de \u00e1rboles nativos en lote dentro de territorio mbya"},"content":{"rendered":"\n<p>Son casi 30 las comunidades en Misiones que tienen sus t\u00edtulos de propiedad, amparadas bajo la ley 26.160, que realiza el censo para el Registro Nacional de Comunidades Ind\u00edgenas, mientras que otras tantas fueron relevadas.<\/p>\n\n\n\n<p>Es por ello que la tala de \u00e1rboles o cualquier actividad que atente con el normal funcionamiento de la cultura y estilo de vida de las comunidades que all\u00ed habitan representa un delito. A este conflicto viene haci\u00e9ndole frente desde hace varios meses la comunidad Kaacup\u00e9, de Campo Grande, porque una empresa estaba hasta ayer desmontando en el lugar.<\/p>\n\n\n\n<p>La tala del monte nativo fue frenada moment\u00e1neamente por orden del Ministerio de Ecolog\u00eda hasta tanto se resuelva la puja. No obstante, las m\u00e1quinas volvieron a funcionar ayer por la tarde lo que gener\u00f3 malestar en la comunidad y deriv\u00f3 en que el ministro Mario Vialey vuelva a comunicarse con la entidad y acelerara su viaje a Campo Grande para resolver el conflicto. <\/p>\n\n\n\n<p>En comunicaci\u00f3n con El Territorio el titular de la cartera, indic\u00f3: \u201cYa estuvimos hablando con la comunidad y con la empresa; es un tema complejo. Hoy hablamos y est\u00e1 suspendido el plan de manejo de bosque nativo en la empresa hasta que nos sentemos ambas partes y resolvamos el tema de territorialidad. Ya nos pusimos en contacto y estamos trabajando\u201d.<\/p>\n\n\n\n<p>Seg\u00fan sostuvo al programa Apocalipsis en el Bar por Radioactiva 100.7, Mar\u00eda Jos\u00e9 Ram\u00edrez, del Equipo Nacional de Pastoral Aborigen (Endepa), los miembros de la comunidad Kaacup\u00e9 comenzaron con los reclamos el a\u00f1o pasado, pero fueron deso\u00eddos. Tal es as\u00ed que ayer se movilizaron y se pusieron al frente de las m\u00e1quinas para evitar su ingreso al lote, que tiene poco m\u00e1s de 5.000 hect\u00e1reas de monte nativo.\u201cLa empresa que est\u00e1 desmontando se llama Carva. Nosotros creemos que ellos tienen permiso de Ecolog\u00eda, m\u00e1s que nada estamos apuntando contra ellos porque otorg\u00f3 a la empresa este permiso de propiedad\u201d, dijo la mujer y agreg\u00f3:\u00a0 \u201cLas comunidades tambi\u00e9n tienen derechos y que son preexistentes, que est\u00e1n por encima de estas leyes o resoluciones por los que se otorgan los permisos, por lo tanto las comunidades tienen derecho a hacer reclamos y pedidos que no fueron escuchados hace tiempo tratando de impedir este corte\u201d.<\/p>\n\n\n\n<p>Parte del territorio del que se estaban sacando los rollos de madera es considerado sagrado para los ind\u00edgenas, por lo que el freno inmediato era de suma importancia para la comunidad.<\/p>\n\n\n\n<p>Es as\u00ed que el ministro Vialey indic\u00f3 que hoy se dirigir\u00e1 a la comunidad para tener una charla con los pobladores y hacer lo mismo con los representantes de la empresa en cuesti\u00f3n a fin de llegar a un acuerdo y resolver la disputa.\u201cEllos piden que se pare con el desmonte en un territorio que est\u00e1 demarcado por una ley nacional que la hace territorio ind\u00edgena, all\u00ed no quieren que se corte madera. Creo que hay una conciencia cada vez mayor de los problemas clim\u00e1ticos que tenemos y que esto produce, el cambio clim\u00e1tico es cada vez m\u00e1s alarmante. Creo que Ecolog\u00eda debe ser el primer organismo en darse cuenta de que estos permisos ya no se pueden otorgar y menos en un territorio que est\u00e1 afectando directamente la vida y la cultura de los ind\u00edgenas\u201d, cerr\u00f3 Ram\u00edrez. <\/p>\n\n\n\n<p>territoriodigital.com<\/p>\n","protected":false},"excerpt":{"rendered":"<p>Son casi 30 las comunidades en Misiones que tienen sus t\u00edtulos de propiedad, amparadas bajo la ley 26.160,<\/p>\n","protected":false},"author":3,"featured_media":5577,"comment_status":"closed","ping_status":"closed","sticky":false,"template":"","format":"standard","meta":{"footnotes":""},"categories":[1],"tags":[],"class_list":["post-5576","post","type-post","status-publish","format-standard","has-post-thumbnail","hentry","category-uncategorized"],"featured_image_urls":{"full":["https:\/\/misionescuatro.com.ar\/wp-content\/uploads\/2020\/02\/tala-2.jpg",788,443,false],"thumbnail":["https:\/\/misionescuatro.com.ar\/wp-content\/uploads\/2020\/02\/tala-2-150x150.jpg",150,150,true],"medium":["https:\/\/misionescuatro.com.ar\/wp-content\/uploads\/2020\/02\/tala-2-300x169.jpg",300,169,true],"medium_large":["https:\/\/misionescuatro.com.ar\/wp-content\/uploads\/2020\/02\/tala-2-768x432.jpg",640,360,true],"large":["https:\/\/misionescuatro.com.ar\/wp-content\/uploads\/2020\/02\/tala-2.jpg",640,360,false],"1536x1536":["https:\/\/misionescuatro.com.ar\/wp-content\/uploads\/2020\/02\/tala-2.jpg",788,443,false],"2048x2048":["https:\/\/misionescuatro.com.ar\/wp-content\/uploads\/2020\/02\/tala-2.jpg",788,443,false],"wptouch-new-thumbnail":["https:\/\/misionescuatro.com.ar\/wp-content\/uploads\/2020\/02\/tala-2.jpg",144,81,false],"morenews-featured":["https:\/\/misionescuatro.com.ar\/wp-content\/uploads\/2020\/02\/tala-2.jpg",788,443,false],"morenews-large":["https:\/\/misionescuatro.com.ar\/wp-content\/uploads\/2020\/02\/tala-2.jpg",788,443,false],"morenews-medium":["https:\/\/misionescuatro.com.ar\/wp-content\/uploads\/2020\/02\/tala-2.jpg",590,332,false]},"author_info":{"info":["Admin"]},"category_info":"<a href=\"https:\/\/misionescuatro.com.ar\/?cat=1\" rel=\"category\">Uncategorized<\/a>","tag_info":"Uncategorized","comment_count":"0","_links":{"self":[{"href":"https:\/\/misionescuatro.com.ar\/index.php?rest_route=\/wp\/v2\/posts\/5576","targetHints":{"allow":["GET"]}}],"collection":[{"href":"https:\/\/misionescuatro.com.ar\/index.php?rest_route=\/wp\/v2\/posts"}],"about":[{"href":"https:\/\/misionescuatro.com.ar\/index.php?rest_route=\/wp\/v2\/types\/post"}],"author":[{"embeddable":true,"href":"https:\/\/misionescuatro.com.ar\/index.php?rest_route=\/wp\/v2\/users\/3"}],"replies":[{"embeddable":true,"href":"https:\/\/misionescuatro.com.ar\/index.php?rest_route=%2Fwp%2Fv2%2Fcomments&post=5576"}],"version-history":[{"count":1,"href":"https:\/\/misionescuatro.com.ar\/index.php?rest_route=\/wp\/v2\/posts\/5576\/revisions"}],"predecessor-version":[{"id":5578,"href":"https:\/\/misionescuatro.com.ar\/index.php?rest_route=\/wp\/v2\/posts\/5576\/revisions\/5578"}],"wp:featuredmedia":[{"embeddable":true,"href":"https:\/\/misionescuatro.com.ar\/index.php?rest_route=\/wp\/v2\/media\/5577"}],"wp:attachment":[{"href":"https:\/\/misionescuatro.com.ar\/index.php?rest_route=%2Fwp%2Fv2%2Fmedia&parent=5576"}],"wp:term":[{"taxonomy":"category","embeddable":true,"href":"https:\/\/misionescuatro.com.ar\/index.php?rest_route=%2Fwp%2Fv2%2Fcategories&post=5576"},{"taxonomy":"post_tag","embeddable":true,"href":"https:\/\/misionescuatro.com.ar\/index.php?rest_route=%2Fwp%2Fv2%2Ftags&post=5576"}],"curies":[{"name":"wp","href":"https:\/\/api.w.org\/{rel}","templated":true}]}}