{"id":5590,"date":"2020-02-07T16:52:51","date_gmt":"2020-02-07T16:52:51","guid":{"rendered":"http:\/\/misionescuatro.com.ar\/?p=5590"},"modified":"2024-12-27T15:44:40","modified_gmt":"2024-12-27T15:44:40","slug":"feriados-se-viene-el-primer-fin-de-semana-xxl-del-ano","status":"publish","type":"post","link":"https:\/\/misionescuatro.com.ar\/?p=5590","title":{"rendered":"Feriados: se viene el primer fin de semana XXL del a\u00f1o"},"content":{"rendered":"\n<p>Este a\u00f1o volvieron a implementarse los feriados puente para incentivar el turismo interno por lo que se esperan varias minivacaciones, pero adem\u00e1s, en breve se vienen unos cuantos d\u00edas libres por el Carnaval.<\/p>\n\n\n\n<p>El carnaval 2020 ya se siente en todo el pa\u00eds pero sus feriados espec\u00edficos ser\u00e1n el lunes 24 y martes 25 de febrero, de acuerdo al calendario oficial aprobado a finales de 2019.<\/p>\n\n\n\n<p>De acuerdo con el Decreto 717\/2019, los pr\u00f3ximos feriados ser\u00e1n a finales de febrero seguidos -casi un mes despu\u00e9s- por el primer \u201cpuente\u201d del a\u00f1o: el 23 de marzo previo al 24, que es el d\u00eda D\u00eda Nacional de la Memoria por la Verdad y la Justicia.<\/p>\n\n\n\n<p>As\u00ed como el 24 de Marzo es un feriado inamovible, el Gobierno dispuso de nuevo que el 23 sea un d\u00eda puente, entre otras cosas para incentivar el turismo interno.<\/p>\n\n\n\n<p>Luego llegar\u00e1 abril con el feriado inamovible del 2, el D\u00eda del Veterano y los Ca\u00eddos en la Guerra de Malvinas, y del 10, que es el Viernes Santo.<\/p>\n\n\n\n<p>Como todos los a\u00f1os, el Jueves Santo (9 de abril) ser\u00e1 un d\u00eda no laborable, por lo que quedar\u00e1 a discreci\u00f3n de cada empleador el funcionamiento de su empresa.<\/p>\n\n\n\n<p>Las Pascuas Jud\u00edas, que son d\u00edas no laborables, ser\u00e1n el 9, 10, 15 y 16 de abril.<\/p>\n\n\n\n<p>Y el 24 ser\u00e1 un d\u00eda no laborable por ser el D\u00eda de acci\u00f3n por la tolerancia y el respeto entre los pueblos.<\/p>\n\n\n\n<p><strong>El resto del a\u00f1o<\/strong><\/p>\n\n\n\n<p><strong>Mayo<\/strong><\/p>\n\n\n\n<p>\u2013 1: D\u00eda del trabajador. Feriado inamovible<\/p>\n\n\n\n<p>\u2013 24: Fiesta de la Ruptura del Ayuno del Sagrado Mes de Ramad\u00e1n. D\u00eda No laborable<\/p>\n\n\n\n<p>\u2013 25: D\u00eda de la Revoluci\u00f3n de Mayo. Feriado inamovible<\/p>\n\n\n\n<p><strong>Junio<\/strong><\/p>\n\n\n\n<p>\u2013 15: D\u00eda Paso a la Inmortalidad del General Mart\u00edn Miguel de G\u00fcemes (17\/06). Feriado trasladable<\/p>\n\n\n\n<p>\u2013 20: D\u00eda Paso a la Inmortalidad del General Manuel Belgrano. Feriado inamovible<\/p>\n\n\n\n<p><strong>Julio<\/strong><\/p>\n\n\n\n<p>\u2013 9: D\u00eda de la Independencia. Feriado inamovible<\/p>\n\n\n\n<p>\u2013 10: Feriado con Fines Tur\u00edsticos. D\u00eda no laborable<\/p>\n\n\n\n<p>\u2013 31: Fiesta del Sacrificio. D\u00eda no laborable.<\/p>\n\n\n\n<p><strong>Agosto<\/strong><\/p>\n\n\n\n<p>\u2013 17: Paso a la Inmortalidad del Gral. Jos\u00e9 de San Mart\u00edn. Feriado trasladable<\/p>\n\n\n\n<p>\u2013 20: A\u00f1o Nuevo Isl\u00e1mico. D\u00eda no laborable.<\/p>\n\n\n\n<p><strong>Septiembre<\/strong><\/p>\n\n\n\n<p>\u2013 19: A\u00f1o Nuevo Jud\u00edo.D\u00eda no laborable<\/p>\n\n\n\n<p>\u2013 20: A\u00f1o Nuevo Jud\u00edo.D\u00eda no laborable<\/p>\n\n\n\n<p>\u2013 28: D\u00eda del Perd\u00f3n. D\u00eda no laborable<\/p>\n\n\n\n<p><strong>Octubre<\/strong><\/p>\n\n\n\n<p>\u2013 12: D\u00eda del Respeto a la Diversidad Cultural.Feriado trasladable<\/p>\n\n\n\n<p>Noviembre<\/p>\n\n\n\n<p>\u2013 23: D\u00eda de la Soberan\u00eda Nacional (20\/11). Feriado trasladable<\/p>\n\n\n\n<p><strong>Diciembre<\/strong><\/p>\n\n\n\n<p>\u2013 7: Feriado con Fines Tur\u00edsticos. D\u00eda no laborable<\/p>\n\n\n\n<p>\u2013 8: Inmaculada Concepci\u00f3n de Mar\u00eda. Feriado inamovible<\/p>\n\n\n\n<p>\u2013 25: Navidad. Feriado inamovible<\/p>\n\n\n\n<p><\/p>\n\n\n\n<p>revistacodigos.com<\/p>\n","protected":false},"excerpt":{"rendered":"<p>Este a\u00f1o volvieron a implementarse los feriados puente para incentivar el turismo interno por lo que se esperan<\/p>\n","protected":false},"author":3,"featured_media":1881,"comment_status":"closed","ping_status":"closed","sticky":false,"template":"","format":"standard","meta":{"footnotes":""},"categories":[23],"tags":[],"class_list":["post-5590","post","type-post","status-publish","format-standard","has-post-thumbnail","hentry","category-ultimas-noticias"],"featured_image_urls":{"full":["https:\/\/misionescuatro.com.ar\/wp-content\/uploads\/2019\/07\/feriado-.jpg",800,445,false],"thumbnail":["https:\/\/misionescuatro.com.ar\/wp-content\/uploads\/2019\/07\/feriado--150x150.jpg",150,150,true],"medium":["https:\/\/misionescuatro.com.ar\/wp-content\/uploads\/2019\/07\/feriado--300x167.jpg",300,167,true],"medium_large":["https:\/\/misionescuatro.com.ar\/wp-content\/uploads\/2019\/07\/feriado--768x427.jpg",640,356,true],"large":["https:\/\/misionescuatro.com.ar\/wp-content\/uploads\/2019\/07\/feriado-.jpg",640,356,false],"1536x1536":["https:\/\/misionescuatro.com.ar\/wp-content\/uploads\/2019\/07\/feriado-.jpg",800,445,false],"2048x2048":["https:\/\/misionescuatro.com.ar\/wp-content\/uploads\/2019\/07\/feriado-.jpg",800,445,false],"wptouch-new-thumbnail":["https:\/\/misionescuatro.com.ar\/wp-content\/uploads\/2019\/07\/feriado-.jpg",144,80,false],"morenews-featured":["https:\/\/misionescuatro.com.ar\/wp-content\/uploads\/2019\/07\/feriado-.jpg",800,445,false],"morenews-large":["https:\/\/misionescuatro.com.ar\/wp-content\/uploads\/2019\/07\/feriado-.jpg",800,445,false],"morenews-medium":["https:\/\/misionescuatro.com.ar\/wp-content\/uploads\/2019\/07\/feriado-.jpg",590,328,false]},"author_info":{"info":["Admin"]},"category_info":"<a href=\"https:\/\/misionescuatro.com.ar\/?cat=23\" rel=\"category\">Ultimas Noticias<\/a>","tag_info":"Ultimas Noticias","comment_count":"0","_links":{"self":[{"href":"https:\/\/misionescuatro.com.ar\/index.php?rest_route=\/wp\/v2\/posts\/5590","targetHints":{"allow":["GET"]}}],"collection":[{"href":"https:\/\/misionescuatro.com.ar\/index.php?rest_route=\/wp\/v2\/posts"}],"about":[{"href":"https:\/\/misionescuatro.com.ar\/index.php?rest_route=\/wp\/v2\/types\/post"}],"author":[{"embeddable":true,"href":"https:\/\/misionescuatro.com.ar\/index.php?rest_route=\/wp\/v2\/users\/3"}],"replies":[{"embeddable":true,"href":"https:\/\/misionescuatro.com.ar\/index.php?rest_route=%2Fwp%2Fv2%2Fcomments&post=5590"}],"version-history":[{"count":1,"href":"https:\/\/misionescuatro.com.ar\/index.php?rest_route=\/wp\/v2\/posts\/5590\/revisions"}],"predecessor-version":[{"id":5591,"href":"https:\/\/misionescuatro.com.ar\/index.php?rest_route=\/wp\/v2\/posts\/5590\/revisions\/5591"}],"wp:featuredmedia":[{"embeddable":true,"href":"https:\/\/misionescuatro.com.ar\/index.php?rest_route=\/wp\/v2\/media\/1881"}],"wp:attachment":[{"href":"https:\/\/misionescuatro.com.ar\/index.php?rest_route=%2Fwp%2Fv2%2Fmedia&parent=5590"}],"wp:term":[{"taxonomy":"category","embeddable":true,"href":"https:\/\/misionescuatro.com.ar\/index.php?rest_route=%2Fwp%2Fv2%2Fcategories&post=5590"},{"taxonomy":"post_tag","embeddable":true,"href":"https:\/\/misionescuatro.com.ar\/index.php?rest_route=%2Fwp%2Fv2%2Ftags&post=5590"}],"curies":[{"name":"wp","href":"https:\/\/api.w.org\/{rel}","templated":true}]}}