{"id":5592,"date":"2020-02-07T17:00:54","date_gmt":"2020-02-07T17:00:54","guid":{"rendered":"http:\/\/misionescuatro.com.ar\/?p=5592"},"modified":"2024-12-27T15:44:40","modified_gmt":"2024-12-27T15:44:40","slug":"tras-casi-4-anos-de-su-suspension-se-anuncio-la-construccion-del-arsat-3","status":"publish","type":"post","link":"https:\/\/misionescuatro.com.ar\/?p=5592","title":{"rendered":"Tras casi 4 a\u00f1os de su suspensi\u00f3n, se anunci\u00f3 la construcci\u00f3n del ARSAT-3"},"content":{"rendered":"\n<p>Una de las primeras medidas en pol\u00edtica satelital que adopt\u00f3 la gesti\u00f3n de Mauricio Macri, en 26 de marzo de 2016, fue suspender la construcci\u00f3n del ARSAT-3.<\/p>\n\n\n\n<p>Este sat\u00e9lite geoestacionario ten\u00eda por objetivo brindar servicios de telecomunicaciones y contar\u00eda con una cobertura que abarcar\u00eda todo el continente americano. Ahora, a cuatro a\u00f1os de su suspensi\u00f3n, el Gobierno anunci\u00f3 mediante un comunicado que, finalmente, se construir\u00e1.<\/p>\n\n\n\n<p><strong>De suspensi\u00f3n y \u201cautofinanciamiento\u201d<\/strong><\/p>\n\n\n\n<p>\u201cARSAT necesita autofinanciamiento porque nos encontramos con una empresa que tiene cosas buenas, pero con un desmanejo de los fondos. Y en este camino buscamos la incorporaci\u00f3n de socios colaborativos\u201d, hab\u00eda afirmado el por entonces presidente de la compa\u00f1\u00eda estatal ARSAT, Rodrigo De Loredo.<\/p>\n\n\n\n<p>El 30 de junio de 2017, el propio titular de la compa\u00f1\u00eda, mediante un video, anunciaba que la empresa hab\u00eda alcanzado la \u201cautosustentabilidad\u201d. \u201cCerramos importantes contratos que nos permiten afirmar, menos de un a\u00f1o despu\u00e9s, que logramos vender la capacidad del ARSAT-2 y traer inversi\u00f3n extranjera\u201d, afirm\u00f3 Loredo, pero del ARSAT-3 no hab\u00eda noticias.<\/p>\n\n\n\n<p>Ya en febrero del a\u00f1o pasado, la ubicaci\u00f3n que le correspond\u00eda a la Argentina dentro de la mara\u00f1a de sat\u00e9lites que rodea al planeta volv\u00eda a estar en riesgo, como hab\u00eda ocurrido con el ARSAT 1. Es por eso que la gesti\u00f3n de Cambiemos decidi\u00f3 alquilar un sat\u00e9lite europeo, que ya hab\u00eda superado su vida \u00fatil, para no perder la posici\u00f3n orbital.<\/p>\n\n\n\n<p>El acuerdo con la empresa SES ten\u00eda un costo de unos 454 mil euros mensuales, es decir unos 7 millones de euros por 11 meses; los cuales venc\u00edan el pasado diciembre. Pero adem\u00e1s se debieron pagar 2 millones de euros por el cambio de ubicaci\u00f3n, ya que se desplaz\u00f3 desde la ubicaci\u00f3n POG de 67\u00b0 Oeste, destinada a la Comunidad Andina (Ecuador, Per\u00fa, Colombia y Venezuela) hacia la posici\u00f3n orbital 81 Oeste, donde deb\u00eda ubicarse el ARSAT-3.<\/p>\n\n\n\n<p>El sat\u00e9lite alquilado, denominado ASTRA-1H, ya hab\u00eda pasado su vida \u00fatil, la cual se calcula en unos 15 a\u00f1os aproximadamente, ya que fue lanzado al espacio en 1999 y la tecnolog\u00eda con la cual hab\u00eda sido desarrollado y confeccionado es, seg\u00fan los propios expertos, muy rudimentaria si se contrapon\u00eda con la que se estaba trabajando con el INVAP.<\/p>\n\n\n\n<p><strong>Vuelve el ARSAT-3<\/strong><\/p>\n\n\n\n<p>Ahora, tras el cambio de gesti\u00f3n, se realiz\u00f3 la primera reuni\u00f3n entre las autoridades de la Secretar\u00eda de Innovaci\u00f3n P\u00fablica, ARSAT e INVAP para iniciar con la construcci\u00f3n del ARSAT-3.<br>\u201cEste proyecto es una pol\u00edtica de Estado muy importante para nosotros. Debemos igualar derechos y gestionar pol\u00edticamente para garantizar la universalizaci\u00f3n de la conectividad\u201d, afirm\u00f3 Micaela S\u00e1nchez Malcolm, secretaria de Innovaci\u00f3n P\u00fablica de la Jefatura de Gabinete de Ministros.<\/p>\n\n\n\n<p>Al tiempo que asegur\u00f3: \u201cEste hito, el lanzamiento de ARSAT-1 segunda generaci\u00f3n, es una continuidad de una pol\u00edtica que fue iniciada durante la segunda presidencia de Cristina Fern\u00e1ndez de Kirchner y que est\u00e1 fuertemente impulsada por la Presidencia de Alberto Fern\u00e1ndez y por la Jefatura de Gabinete de Ministros a cargo de Santiago Cafiero\u201d.<\/p>\n\n\n\n<p>\u201cEl Estado es el actor fundamental para igualar derechos sin el cual es imposible garantizar el acceso universal a internet o el acceso a la conectividad\u201d, complet\u00f3 la funcionaria tras el encuentro del que tambi\u00e9n participaron el subsecretario de Tecnolog\u00edas de la Informaci\u00f3n y las Comunicaciones, Mart\u00edn Olmos; el Presidente de ARSAT, Pablo Tognetti; y el Gerente General de INVAP, Vicente Campenni.<\/p>\n\n\n\n<p>Ahora, el ARSAT-3 tendr\u00e1 entre sus tareas primordiales brindar banda ancha a todo el territorio nacional y se convertir\u00e1 en el primer sat\u00e9lite de alto rendimiento de la flota geoestacionaria, el cual se sumar\u00e1 a sus \u201chermanos\u201d reci\u00e9n en 2023.<\/p>\n\n\n\n<p>\u201cPoder contar con soberan\u00eda en materia de telecomunicaciones es fundamental para nosotros. Eso hace que tengamos una posici\u00f3n estrat\u00e9gica internacional pasando a ser uno de los pocos pa\u00edses con capacidad plena de desarrollar sat\u00e9lites de semejante envergadura\u201d, destac\u00f3 Tognetti (ARSAT).<\/p>\n\n\n\n<p>Al tiempo que Campenni afirm\u00f3: \u201cEste encuentro es un hito fundamental para los objetivos del pa\u00eds, de hacer de la tecnolog\u00eda una herramienta para el desarrollo del pueblo\u201d y asegur\u00f3 en el INVAP \u201cesto nos llena de alegr\u00eda y de alguna manera est\u00e1 completamente alineado con nuestro objetivo que es hacer de la tecnolog\u00eda un elemento de desarrollo del pa\u00eds\u201d.<\/p>\n\n\n\n<p>A24.<\/p>\n","protected":false},"excerpt":{"rendered":"<p>Una de las primeras medidas en pol\u00edtica satelital que adopt\u00f3 la gesti\u00f3n de Mauricio Macri, en 26 de<\/p>\n","protected":false},"author":3,"featured_media":5593,"comment_status":"closed","ping_status":"closed","sticky":false,"template":"","format":"standard","meta":{"footnotes":""},"categories":[2],"tags":[],"class_list":["post-5592","post","type-post","status-publish","format-standard","has-post-thumbnail","hentry","category-nacionales"],"featured_image_urls":{"full":["https:\/\/misionescuatro.com.ar\/wp-content\/uploads\/2020\/02\/ARSAT.jpg",643,403,false],"thumbnail":["https:\/\/misionescuatro.com.ar\/wp-content\/uploads\/2020\/02\/ARSAT-150x150.jpg",150,150,true],"medium":["https:\/\/misionescuatro.com.ar\/wp-content\/uploads\/2020\/02\/ARSAT-300x188.jpg",300,188,true],"medium_large":["https:\/\/misionescuatro.com.ar\/wp-content\/uploads\/2020\/02\/ARSAT.jpg",640,401,false],"large":["https:\/\/misionescuatro.com.ar\/wp-content\/uploads\/2020\/02\/ARSAT.jpg",640,401,false],"1536x1536":["https:\/\/misionescuatro.com.ar\/wp-content\/uploads\/2020\/02\/ARSAT.jpg",643,403,false],"2048x2048":["https:\/\/misionescuatro.com.ar\/wp-content\/uploads\/2020\/02\/ARSAT.jpg",643,403,false],"wptouch-new-thumbnail":["https:\/\/misionescuatro.com.ar\/wp-content\/uploads\/2020\/02\/ARSAT.jpg",144,90,false],"morenews-featured":["https:\/\/misionescuatro.com.ar\/wp-content\/uploads\/2020\/02\/ARSAT.jpg",643,403,false],"morenews-large":["https:\/\/misionescuatro.com.ar\/wp-content\/uploads\/2020\/02\/ARSAT.jpg",643,403,false],"morenews-medium":["https:\/\/misionescuatro.com.ar\/wp-content\/uploads\/2020\/02\/ARSAT.jpg",590,370,false]},"author_info":{"info":["Admin"]},"category_info":"<a href=\"https:\/\/misionescuatro.com.ar\/?cat=2\" rel=\"category\">Nacionales<\/a>","tag_info":"Nacionales","comment_count":"0","_links":{"self":[{"href":"https:\/\/misionescuatro.com.ar\/index.php?rest_route=\/wp\/v2\/posts\/5592","targetHints":{"allow":["GET"]}}],"collection":[{"href":"https:\/\/misionescuatro.com.ar\/index.php?rest_route=\/wp\/v2\/posts"}],"about":[{"href":"https:\/\/misionescuatro.com.ar\/index.php?rest_route=\/wp\/v2\/types\/post"}],"author":[{"embeddable":true,"href":"https:\/\/misionescuatro.com.ar\/index.php?rest_route=\/wp\/v2\/users\/3"}],"replies":[{"embeddable":true,"href":"https:\/\/misionescuatro.com.ar\/index.php?rest_route=%2Fwp%2Fv2%2Fcomments&post=5592"}],"version-history":[{"count":1,"href":"https:\/\/misionescuatro.com.ar\/index.php?rest_route=\/wp\/v2\/posts\/5592\/revisions"}],"predecessor-version":[{"id":5594,"href":"https:\/\/misionescuatro.com.ar\/index.php?rest_route=\/wp\/v2\/posts\/5592\/revisions\/5594"}],"wp:featuredmedia":[{"embeddable":true,"href":"https:\/\/misionescuatro.com.ar\/index.php?rest_route=\/wp\/v2\/media\/5593"}],"wp:attachment":[{"href":"https:\/\/misionescuatro.com.ar\/index.php?rest_route=%2Fwp%2Fv2%2Fmedia&parent=5592"}],"wp:term":[{"taxonomy":"category","embeddable":true,"href":"https:\/\/misionescuatro.com.ar\/index.php?rest_route=%2Fwp%2Fv2%2Fcategories&post=5592"},{"taxonomy":"post_tag","embeddable":true,"href":"https:\/\/misionescuatro.com.ar\/index.php?rest_route=%2Fwp%2Fv2%2Ftags&post=5592"}],"curies":[{"name":"wp","href":"https:\/\/api.w.org\/{rel}","templated":true}]}}