{"id":5800,"date":"2020-05-06T15:50:41","date_gmt":"2020-05-06T15:50:41","guid":{"rendered":"http:\/\/misionescuatro.com.ar\/?p=5800"},"modified":"2024-12-27T15:44:37","modified_gmt":"2024-12-27T15:44:37","slug":"fernandez-sobre-la-apertura-de-la-cuarentena-no-quiero-que-la-urgencia-contagie-a-muchos","status":"publish","type":"post","link":"https:\/\/misionescuatro.com.ar\/?p=5800","title":{"rendered":"Fern\u00e1ndez sobre la apertura de la cuarentena: \u201cNo quiero que la urgencia contagie a muchos\u201d"},"content":{"rendered":"\n<p>Alberto Fern\u00e1ndez admiti\u00f3 que la idea del gobierno es levantar \u201cpaulatinamente\u201d la cuarentena, aunque evit\u00f3 dar detalles de la nueva etapa del aislamiento, que se extender\u00eda hasta fines de mayo sin grandes cambios.<\/p>\n\n\n\n<p>\u201cTenemos que ver como evolucionamos de ac\u00e1 al 10 de mayo\u201d, dijo el presidente en relaci\u00f3n al plazo que puso en la \u00faltima extensi\u00f3n de la cuarentena, pero enseguida trat\u00f3 de ponerle freno a las presiones de algunos sectores para terminar con el confinamiento.<\/p>\n\n\n\n<p>\u201cTenemos que tener conciencia como pueblo de lo que fuimos capaces de hacer. Es un logro social como pa\u00eds, no debemos dejarnos llevar por la ansiedad de algunos, es lo peor que nos puede pasar y tirar todo por la borda\u201d, a\u00f1adi\u00f3.<\/p>\n\n\n\n<p>\u201cEl problema que tenemos es que no estamos manejando un gotero, decir \u2018sobre esta copa tiro tres gotas\u2019. Manejamos la llave de un oleoducto. Los que gobiernan lo entienden, lo saben y por eso son tan cuidadosos. Hay que moverse con mucho cuidado\u201d, insisti\u00f3.<\/p>\n\n\n\n<p>Respecto al levantamiento de la cuarentena, si bien admiti\u00f3 que la idea es hacerlo paulatinamente puso en dudo que eso suceda a partir del pr\u00f3ximo lunes. \u201cQuiero ver en qu\u00e9 punto estamos. Nos dimos un plan para ver c\u00f3mo evoluciona esto, lograr que el contagio se duplique cada m\u00e1s de 25 d\u00edas. La \u00faltima medici\u00f3n estaba en 17 d\u00edas\u201d, explic\u00f3.<\/p>\n\n\n\n<p>\u201cLa pregunta es c\u00f3mo es el modo, cu\u00e1ndo es el momento. No quisiera que la urgencia de trabajar termine contaminando un barrio. Lo que s\u00ed tenemos que hacer es paulatinamente ir levantando la cuarentena para que todo recupere la normalidad. La pregunta es: si el problema se desata \u00bfqui\u00e9n va a ser el responsable de eso? En este momento yo soy el responsable\u201d, sigui\u00f3.<\/p>\n\n\n\n<p>Alberto admiti\u00f3 que el tema econ\u00f3mico se est\u00e1 convirtiendo en un problema muy grave y reconoci\u00f3 que la ayuda estatal \u201cno es la soluci\u00f3n, la soluci\u00f3n es que la gente trabaje y la econom\u00eda vuelva a funcionar\u201d. Pero reiter\u00f3 que pone la salud por delante: \u201cel PBI puede caer entre 5 y 6 puntos este a\u00f1o, pero de la econom\u00eda nos podemos recuperar\u201d.<\/p>\n\n\n\n<p>REVISTACODIGOS.COM<\/p>\n","protected":false},"excerpt":{"rendered":"<p>Alberto Fern\u00e1ndez admiti\u00f3 que la idea del gobierno es levantar \u201cpaulatinamente\u201d la cuarentena, aunque evit\u00f3 dar detalles de<\/p>\n","protected":false},"author":3,"featured_media":5801,"comment_status":"closed","ping_status":"closed","sticky":false,"template":"","format":"standard","meta":{"footnotes":""},"categories":[2],"tags":[],"class_list":["post-5800","post","type-post","status-publish","format-standard","has-post-thumbnail","hentry","category-nacionales"],"featured_image_urls":{"full":["https:\/\/misionescuatro.com.ar\/wp-content\/uploads\/2020\/05\/alberto-2.jpg",840,505,false],"thumbnail":["https:\/\/misionescuatro.com.ar\/wp-content\/uploads\/2020\/05\/alberto-2-150x150.jpg",150,150,true],"medium":["https:\/\/misionescuatro.com.ar\/wp-content\/uploads\/2020\/05\/alberto-2-300x180.jpg",300,180,true],"medium_large":["https:\/\/misionescuatro.com.ar\/wp-content\/uploads\/2020\/05\/alberto-2-768x462.jpg",640,385,true],"large":["https:\/\/misionescuatro.com.ar\/wp-content\/uploads\/2020\/05\/alberto-2.jpg",640,385,false],"1536x1536":["https:\/\/misionescuatro.com.ar\/wp-content\/uploads\/2020\/05\/alberto-2.jpg",840,505,false],"2048x2048":["https:\/\/misionescuatro.com.ar\/wp-content\/uploads\/2020\/05\/alberto-2.jpg",840,505,false],"wptouch-new-thumbnail":["https:\/\/misionescuatro.com.ar\/wp-content\/uploads\/2020\/05\/alberto-2.jpg",144,87,false],"morenews-featured":["https:\/\/misionescuatro.com.ar\/wp-content\/uploads\/2020\/05\/alberto-2.jpg",840,505,false],"morenews-large":["https:\/\/misionescuatro.com.ar\/wp-content\/uploads\/2020\/05\/alberto-2.jpg",825,496,false],"morenews-medium":["https:\/\/misionescuatro.com.ar\/wp-content\/uploads\/2020\/05\/alberto-2.jpg",590,355,false]},"author_info":{"info":["Admin"]},"category_info":"<a href=\"https:\/\/misionescuatro.com.ar\/?cat=2\" rel=\"category\">Nacionales<\/a>","tag_info":"Nacionales","comment_count":"0","_links":{"self":[{"href":"https:\/\/misionescuatro.com.ar\/index.php?rest_route=\/wp\/v2\/posts\/5800","targetHints":{"allow":["GET"]}}],"collection":[{"href":"https:\/\/misionescuatro.com.ar\/index.php?rest_route=\/wp\/v2\/posts"}],"about":[{"href":"https:\/\/misionescuatro.com.ar\/index.php?rest_route=\/wp\/v2\/types\/post"}],"author":[{"embeddable":true,"href":"https:\/\/misionescuatro.com.ar\/index.php?rest_route=\/wp\/v2\/users\/3"}],"replies":[{"embeddable":true,"href":"https:\/\/misionescuatro.com.ar\/index.php?rest_route=%2Fwp%2Fv2%2Fcomments&post=5800"}],"version-history":[{"count":1,"href":"https:\/\/misionescuatro.com.ar\/index.php?rest_route=\/wp\/v2\/posts\/5800\/revisions"}],"predecessor-version":[{"id":5802,"href":"https:\/\/misionescuatro.com.ar\/index.php?rest_route=\/wp\/v2\/posts\/5800\/revisions\/5802"}],"wp:featuredmedia":[{"embeddable":true,"href":"https:\/\/misionescuatro.com.ar\/index.php?rest_route=\/wp\/v2\/media\/5801"}],"wp:attachment":[{"href":"https:\/\/misionescuatro.com.ar\/index.php?rest_route=%2Fwp%2Fv2%2Fmedia&parent=5800"}],"wp:term":[{"taxonomy":"category","embeddable":true,"href":"https:\/\/misionescuatro.com.ar\/index.php?rest_route=%2Fwp%2Fv2%2Fcategories&post=5800"},{"taxonomy":"post_tag","embeddable":true,"href":"https:\/\/misionescuatro.com.ar\/index.php?rest_route=%2Fwp%2Fv2%2Ftags&post=5800"}],"curies":[{"name":"wp","href":"https:\/\/api.w.org\/{rel}","templated":true}]}}