{"id":5812,"date":"2020-05-07T14:35:43","date_gmt":"2020-05-07T14:35:43","guid":{"rendered":"http:\/\/misionescuatro.com.ar\/?p=5812"},"modified":"2024-12-27T15:44:37","modified_gmt":"2024-12-27T15:44:37","slug":"fernandez-a-empresarios-todos-los-argentinos-le-pagamos-el-50-del-sueldo-a-sus-empleados","status":"publish","type":"post","link":"https:\/\/misionescuatro.com.ar\/?p=5812","title":{"rendered":"Fern\u00e1ndez a empresarios: \u201cTodos los argentinos le pagamos el 50% del sueldo a sus empleados\u201d"},"content":{"rendered":"\n<p>El presidente Alberto Fern\u00e1ndez sali\u00f3 a responder al reclamo de los empresarios nucleados en la Asociaci\u00f3n Empresaria Argentina (AEA) para \u201cmantener viva la econom\u00eda\u201d y la producci\u00f3n, y advirti\u00f3 que \u201cno entiende\u201d porqu\u00e9 se quejan cuando desde \u201cel Estado todos los argentinos le pagamos el 50% del sueldo de sus empleados\u201d.<\/p>\n\n\n\n<p>\u201cMiren qu\u00e9 viva que la mantenemos que hasta le pagamos los sueldos a su gente. No puedo entenderlos, no s\u00e9 desde qu\u00e9 lugar hablan\u201d, advirti\u00f3 el mandatario durante una entrevista con radio Con Vos en la que atribuy\u00f3 las cr\u00edticas tambi\u00e9n a sectores \u201copositores\u201d que no tienen la responsabilidad de gobernar.<\/p>\n\n\n\n<p>\u201cEl Estado, todos los argentinos, le pagamos el 50% del sueldo de sus empleados para mantener el sistema productivo para que cuando pase la cuarentena empiece a funcionar todo de vuelta\u201d, replic\u00f3 el Presidente al comunicado difundido este mi\u00e9rcoles por la entidad empresaria que reclama el fin de la cuarentena.<\/p>\n\n\n\n<p>\u201cMe parece que hay una posici\u00f3n que, por lo menos, no parece muy justa\u201d, se\u00f1al\u00f3 Fern\u00e1ndez tras ratificar que el Gobierno est\u00e1 evaluando una salida ordenada de la cuarentena y que en la pr\u00f3xima fase que comenzar\u00eda el lunes.<\/p>\n\n\n\n<p>Fern\u00e1ndez revel\u00f3 que en esas horas el Gobierno analiza con los gobernadores y el jefe de Gobierno porte\u00f1o, Horacio Rodr\u00edguez Larreta, habilitar \u201cla actividad de empresas que tendr\u00e1n que cumplir ciertas condiciones\u201d muy estrictas de \u201cprotocolos\u201d sanitarios tanto dentro de las empresas como \u201chacerse cargo de transportar de manera privada y segura a sus empleados, evitando el uso del transporte p\u00fablico\u201d para evitar aglomeraciones y una ola de contagios.<\/p>\n\n\n\n<p>REVISTACODIGOS.COM<\/p>\n","protected":false},"excerpt":{"rendered":"<p>El presidente Alberto Fern\u00e1ndez sali\u00f3 a responder al reclamo de los empresarios nucleados en la Asociaci\u00f3n Empresaria Argentina<\/p>\n","protected":false},"author":3,"featured_media":5813,"comment_status":"closed","ping_status":"closed","sticky":false,"template":"","format":"standard","meta":{"footnotes":""},"categories":[5,2],"tags":[],"class_list":["post-5812","post","type-post","status-publish","format-standard","has-post-thumbnail","hentry","category-economia","category-nacionales"],"featured_image_urls":{"full":["https:\/\/misionescuatro.com.ar\/wp-content\/uploads\/2020\/05\/alberto-.jpeg",768,432,false],"thumbnail":["https:\/\/misionescuatro.com.ar\/wp-content\/uploads\/2020\/05\/alberto--150x150.jpeg",150,150,true],"medium":["https:\/\/misionescuatro.com.ar\/wp-content\/uploads\/2020\/05\/alberto--300x169.jpeg",300,169,true],"medium_large":["https:\/\/misionescuatro.com.ar\/wp-content\/uploads\/2020\/05\/alberto--768x432.jpeg",640,360,true],"large":["https:\/\/misionescuatro.com.ar\/wp-content\/uploads\/2020\/05\/alberto-.jpeg",640,360,false],"1536x1536":["https:\/\/misionescuatro.com.ar\/wp-content\/uploads\/2020\/05\/alberto-.jpeg",768,432,false],"2048x2048":["https:\/\/misionescuatro.com.ar\/wp-content\/uploads\/2020\/05\/alberto-.jpeg",768,432,false],"wptouch-new-thumbnail":["https:\/\/misionescuatro.com.ar\/wp-content\/uploads\/2020\/05\/alberto-.jpeg",144,81,false],"morenews-featured":["https:\/\/misionescuatro.com.ar\/wp-content\/uploads\/2020\/05\/alberto-.jpeg",768,432,false],"morenews-large":["https:\/\/misionescuatro.com.ar\/wp-content\/uploads\/2020\/05\/alberto-.jpeg",768,432,false],"morenews-medium":["https:\/\/misionescuatro.com.ar\/wp-content\/uploads\/2020\/05\/alberto-.jpeg",590,332,false]},"author_info":{"info":["Admin"]},"category_info":"<a href=\"https:\/\/misionescuatro.com.ar\/?cat=5\" rel=\"category\">Econom\u00eda<\/a> <a href=\"https:\/\/misionescuatro.com.ar\/?cat=2\" rel=\"category\">Nacionales<\/a>","tag_info":"Nacionales","comment_count":"0","_links":{"self":[{"href":"https:\/\/misionescuatro.com.ar\/index.php?rest_route=\/wp\/v2\/posts\/5812","targetHints":{"allow":["GET"]}}],"collection":[{"href":"https:\/\/misionescuatro.com.ar\/index.php?rest_route=\/wp\/v2\/posts"}],"about":[{"href":"https:\/\/misionescuatro.com.ar\/index.php?rest_route=\/wp\/v2\/types\/post"}],"author":[{"embeddable":true,"href":"https:\/\/misionescuatro.com.ar\/index.php?rest_route=\/wp\/v2\/users\/3"}],"replies":[{"embeddable":true,"href":"https:\/\/misionescuatro.com.ar\/index.php?rest_route=%2Fwp%2Fv2%2Fcomments&post=5812"}],"version-history":[{"count":1,"href":"https:\/\/misionescuatro.com.ar\/index.php?rest_route=\/wp\/v2\/posts\/5812\/revisions"}],"predecessor-version":[{"id":5814,"href":"https:\/\/misionescuatro.com.ar\/index.php?rest_route=\/wp\/v2\/posts\/5812\/revisions\/5814"}],"wp:featuredmedia":[{"embeddable":true,"href":"https:\/\/misionescuatro.com.ar\/index.php?rest_route=\/wp\/v2\/media\/5813"}],"wp:attachment":[{"href":"https:\/\/misionescuatro.com.ar\/index.php?rest_route=%2Fwp%2Fv2%2Fmedia&parent=5812"}],"wp:term":[{"taxonomy":"category","embeddable":true,"href":"https:\/\/misionescuatro.com.ar\/index.php?rest_route=%2Fwp%2Fv2%2Fcategories&post=5812"},{"taxonomy":"post_tag","embeddable":true,"href":"https:\/\/misionescuatro.com.ar\/index.php?rest_route=%2Fwp%2Fv2%2Ftags&post=5812"}],"curies":[{"name":"wp","href":"https:\/\/api.w.org\/{rel}","templated":true}]}}