{"id":5907,"date":"2020-05-18T15:31:49","date_gmt":"2020-05-18T15:31:49","guid":{"rendered":"http:\/\/misionescuatro.com.ar\/?p=5907"},"modified":"2024-12-27T15:44:36","modified_gmt":"2024-12-27T15:44:36","slug":"ife-el-segundo-pago-seria-en-junio-y-no-habra-reapertura-de-inscripciones","status":"publish","type":"post","link":"https:\/\/misionescuatro.com.ar\/?p=5907","title":{"rendered":"IFE: el segundo pago ser\u00eda en junio y no habr\u00e1 reapertura de inscripciones"},"content":{"rendered":"\n<p><em><strong>Las \u00faltimas fechas de pago para las personas que hayan elegido cobrar la primera ronda del IFE a trav\u00e9s del Correo Argentino y las redes de cajeros Banelco y Link ser\u00e1n para los DNI terminados en el n\u00famero 9, los d\u00edas 2 y 3 de junio.<\/strong><\/em><\/p>\n\n\n\n<p>El pago de la segunda ronda del Ingreso Familiar de Emergencia (IFE) se har\u00e1 efectivo una vez concluya el desembolso de la primera, el 3 de junio, pero a\u00fan resta definir c\u00f3mo ser\u00e1 el cronograma y los montos de desembolsos del programa, afirm\u00f3 la directora ejecutiva de la Anses, Mar\u00eda Fernanda Raverta.<br><br>En tanto, afimr\u00f3 que \u00abel universo de personas que podr\u00e1 cobrarlo ya est\u00e1 definido y no habr\u00e1 una reapertura de inscripciones\u00bb. \u00abEstamos terminando de trabajar en una propuesta para pagar por segunda vez el IFE, con cronograma que sea seguro; vamos por la mitad del primer pago que ya cobraron 4.733.000 personas, nos falta mucho m\u00e1s\u00bb, apunt\u00f3 Raverta en di\u00e1logo con T\u00e9lam.<br><br>Al respecto, dijo que \u00abel universo de personas que lo puede recibir ya est\u00e1 definido\u00bb y que \u00abcuando terminemos esta primera vuelta, que ser\u00e1 a fin de mes, vamos a poder presentar nuestro nuevo cronograma de pagos para la segunda vuelta\u00bb.<br><br>Por otra parte, para asegurarse que el dinero llegue a destino, dijo que la Anses puso especial atenci\u00f3n en cruzar la informaci\u00f3n de los tel\u00e9fonos y correos electr\u00f3nicos que se dieron para recibir las claves de retiro de dinero a trav\u00e9s de cajeros autom\u00e1ticos, de modo que fueran n\u00fameros y cuentas sin segundos titulares. Tambi\u00e9n se verific\u00f3 que los bancos no descontaran del IFE parte de la deuda de sus beneficiarios.<br><br>\u00abPusimos mucha atenci\u00f3n en este tema porque fue un esfuerzo muy grande por parte del Estado ante esta emergencia y nos parec\u00eda bien injusto que exista alguna posibilidad de que estos 10 mil pesos no le llegaran a las familias\u00bb, asegur\u00f3.<br><br>Asimismo, dijo que con el pago del IFE a 8,7 millones de personas est\u00e1 \u00abpr\u00e1cticamente cubierto\u00bb el universo de informalidad que necesitan este beneficio, aunque reconoci\u00f3 que \u00abse puede ampliar y mejorar porque la din\u00e1mica de lo social requiere que la posibilidad de revisar sea constante\u00bb.<br><br>Las \u00faltimas fechas de pago para las personas que hayan elegido cobrar la primera ronda del IFE a trav\u00e9s del Correo Argentino y las redes de cajeros Banelco y Link ser\u00e1n para los DNI terminados en el n\u00famero 9, los d\u00edas 2 y 3 de junio, seg\u00fan el calendario informado por la Anses.<\/p>\n\n\n\n<p>AGEENCIAHOY.COM<\/p>\n","protected":false},"excerpt":{"rendered":"<p>Las \u00faltimas fechas de pago para las personas que hayan elegido cobrar la primera ronda del IFE a<\/p>\n","protected":false},"author":3,"featured_media":5908,"comment_status":"closed","ping_status":"closed","sticky":false,"template":"","format":"standard","meta":{"footnotes":""},"categories":[2],"tags":[],"class_list":["post-5907","post","type-post","status-publish","format-standard","has-post-thumbnail","hentry","category-nacionales"],"featured_image_urls":{"full":["https:\/\/misionescuatro.com.ar\/wp-content\/uploads\/2020\/05\/IFE.jpg",1140,640,false],"thumbnail":["https:\/\/misionescuatro.com.ar\/wp-content\/uploads\/2020\/05\/IFE-150x150.jpg",150,150,true],"medium":["https:\/\/misionescuatro.com.ar\/wp-content\/uploads\/2020\/05\/IFE-300x168.jpg",300,168,true],"medium_large":["https:\/\/misionescuatro.com.ar\/wp-content\/uploads\/2020\/05\/IFE-768x431.jpg",640,359,true],"large":["https:\/\/misionescuatro.com.ar\/wp-content\/uploads\/2020\/05\/IFE.jpg",640,359,false],"1536x1536":["https:\/\/misionescuatro.com.ar\/wp-content\/uploads\/2020\/05\/IFE.jpg",1140,640,false],"2048x2048":["https:\/\/misionescuatro.com.ar\/wp-content\/uploads\/2020\/05\/IFE.jpg",1140,640,false],"wptouch-new-thumbnail":["https:\/\/misionescuatro.com.ar\/wp-content\/uploads\/2020\/05\/IFE.jpg",144,81,false],"morenews-featured":["https:\/\/misionescuatro.com.ar\/wp-content\/uploads\/2020\/05\/IFE.jpg",1024,575,false],"morenews-large":["https:\/\/misionescuatro.com.ar\/wp-content\/uploads\/2020\/05\/IFE.jpg",825,463,false],"morenews-medium":["https:\/\/misionescuatro.com.ar\/wp-content\/uploads\/2020\/05\/IFE.jpg",590,331,false]},"author_info":{"info":["Admin"]},"category_info":"<a href=\"https:\/\/misionescuatro.com.ar\/?cat=2\" rel=\"category\">Nacionales<\/a>","tag_info":"Nacionales","comment_count":"0","_links":{"self":[{"href":"https:\/\/misionescuatro.com.ar\/index.php?rest_route=\/wp\/v2\/posts\/5907","targetHints":{"allow":["GET"]}}],"collection":[{"href":"https:\/\/misionescuatro.com.ar\/index.php?rest_route=\/wp\/v2\/posts"}],"about":[{"href":"https:\/\/misionescuatro.com.ar\/index.php?rest_route=\/wp\/v2\/types\/post"}],"author":[{"embeddable":true,"href":"https:\/\/misionescuatro.com.ar\/index.php?rest_route=\/wp\/v2\/users\/3"}],"replies":[{"embeddable":true,"href":"https:\/\/misionescuatro.com.ar\/index.php?rest_route=%2Fwp%2Fv2%2Fcomments&post=5907"}],"version-history":[{"count":1,"href":"https:\/\/misionescuatro.com.ar\/index.php?rest_route=\/wp\/v2\/posts\/5907\/revisions"}],"predecessor-version":[{"id":5909,"href":"https:\/\/misionescuatro.com.ar\/index.php?rest_route=\/wp\/v2\/posts\/5907\/revisions\/5909"}],"wp:featuredmedia":[{"embeddable":true,"href":"https:\/\/misionescuatro.com.ar\/index.php?rest_route=\/wp\/v2\/media\/5908"}],"wp:attachment":[{"href":"https:\/\/misionescuatro.com.ar\/index.php?rest_route=%2Fwp%2Fv2%2Fmedia&parent=5907"}],"wp:term":[{"taxonomy":"category","embeddable":true,"href":"https:\/\/misionescuatro.com.ar\/index.php?rest_route=%2Fwp%2Fv2%2Fcategories&post=5907"},{"taxonomy":"post_tag","embeddable":true,"href":"https:\/\/misionescuatro.com.ar\/index.php?rest_route=%2Fwp%2Fv2%2Ftags&post=5907"}],"curies":[{"name":"wp","href":"https:\/\/api.w.org\/{rel}","templated":true}]}}