{"id":6040,"date":"2020-05-29T16:35:56","date_gmt":"2020-05-29T16:35:56","guid":{"rendered":"http:\/\/misionescuatro.com.ar\/?p=6040"},"modified":"2024-12-27T15:44:35","modified_gmt":"2024-12-27T15:44:35","slug":"imputaron-a-mauricio-macri-y-a-exdirectores-de-la-afi-por-supuesto-espionaje-ilegal","status":"publish","type":"post","link":"https:\/\/misionescuatro.com.ar\/?p=6040","title":{"rendered":"Imputaron a Mauricio Macri y a exdirectores de la AFI por supuesto espionaje ilegal"},"content":{"rendered":"\n<p><strong><em>El fiscal federal Jorge Di Lello consider\u00f3 que hay motivos suficientes para investigar al expresidente y a Gustavo Arribas y Silvia Majdalani. Tambi\u00e9n imput\u00f3 a 3 agentes secretos. Pedir\u00e1 pruebas inform\u00e1ticas y declaraciones testimoniales<\/em><\/strong><\/p>\n\n\n\n<p>El expresidente\u00a0<strong>Mauricio Macri<\/strong>, los dos ex jefes de la Agencia Federal de Investigaciones (<strong>AFI<\/strong>) y tres agentes secretos fueron imputados en\u00a0<strong>la causa que investiga supuestas maniobras de espionaje ilegal<\/strong>\u00a0contra funcionarios p\u00fablicos, dirigentes pol\u00edticos, empresarios y periodistas durante el gobierno de Cambiemos.<\/p>\n\n\n\n<p>Seg\u00fan adelant\u00f3 el canal de noticias<strong>&nbsp;C5N<\/strong>&nbsp;y&nbsp;<strong>tal como anticip\u00f3 \u00c1mbito<\/strong>, Di Lello dio curso a la pesquisa y abri\u00f3 la investigaci\u00f3n, con la imputaci\u00f3n de&nbsp;<strong>Macri, Gustavo Arribas, Silvia Majdalani y los tres esp\u00edas<\/strong>, tras el hallazgo en una computadora de la AFI de un listado de correos electr\u00f3nicos interceptados. Durante la gesti\u00f3n de Macri, Arribas fue el director de la Agencia de&nbsp;<strong>espionaje<\/strong>&nbsp;y Majdalani la n\u00famero 2.<\/p>\n\n\n\n<p>En&nbsp;<strong>el listado de 80 personas presuntamente espiadas figuran ex funcionarios y legisladores macristas y opositores<\/strong>.<\/p>\n\n\n\n<figure class=\"wp-block-image\"><img decoding=\"async\" src=\"https:\/\/static.misionesonline.news\/wp-content\/uploads\/2020\/05\/29113509\/descarga-4.jpg\" alt=\"\" class=\"wp-image-1000000373298\"\/><\/figure>\n\n\n\n<ul class=\"wp-block-list\"><li><em>Gustavo&nbsp;<\/em><em>Arribas&nbsp;<\/em><em>y Silvia Majdalani<\/em><\/li><\/ul>\n\n\n\n<p><strong>Marcelo Tinelli<\/strong>&nbsp;ser\u00eda una de las v\u00edctimas. \u201cTe escuchaban los tel\u00e9fonos, te le\u00edan los mails, te apretaban con la AFIP. Ten\u00edan un aparato del Estado, que pag\u00e1bamos nosotros, para perseguir a los que pensaban distinto o a los propios que pudieran descarriarse\u201d, se\u00f1al\u00f3 el conductor en sus redes.&nbsp;<strong>Ya aparecieron documentos que prueban sus dichos.<\/strong><\/p>\n\n\n\n<p>Fuentes judiciales revelaron que ahora se inicia un largo camino de recolecci\u00f3n de pruebas. El requerimiento de Di Lello sobre la denuncia de la interventora de la AFI&nbsp;<strong>Cristina Caama\u00f1o<\/strong>&nbsp;es eminentemente t\u00e9cnico, y con un amplio abanico de pruebas a pedir para intentar hurgar no s\u00f3lo en el listado de&nbsp;<strong>mails \u201cpinchados\u201d,<\/strong>&nbsp;sino en la cadena de contrataciones de la AFI durante la gesti\u00f3n Arribas.<\/p>\n\n\n\n<p>Expertos deber\u00e1n peritar los correos electr\u00f3nicos presuntamente \u201cpinchados\u201d y se deber\u00e1 avanzar con pericias inform\u00e1ticas a la computadora supuestamente utilizada para el espionaje. Pero adem\u00e1s, Di Lello tendr\u00eda previsto recibir declaraciones testimoniales de todos los que hayan tenido contacto con la m\u00e1quina, que fue hallada en la AFI. En esa computadora quedaron rastros que hall\u00f3 Caama\u00f1o, incluidos los del cu\u00f1ado de Majdalani, Dar\u00edo Biorci.&nbsp;<strong>La interventora de la AFI hab\u00eda pedido tambi\u00e9n la indagatoria a los tres principales acusados.<\/strong><\/p>\n\n\n\n<p>Caama\u00f1o aludi\u00f3 en su denuncia inicial a delitos vinculados a la \u00abproducci\u00f3n de inteligencia ilegal\u00bb en los t\u00e9rminos de los art\u00edculos 4 y 43 de la Ley de Inteligencia Nacional durante la gesti\u00f3n en la AFI de su antecesor Arribas. En la denuncia se alude a presunto espionaje ilegal que se habr\u00eda iniciado desde al menos el 2 de junio de 2016 sobre correos electr\u00f3nicos privados de al menos<strong>&nbsp;80 damnificados.<\/strong><\/p>\n\n\n\n<p><strong>(Fuente: \u00c1mbito)<\/strong><\/p>\n","protected":false},"excerpt":{"rendered":"<p>El fiscal federal Jorge Di Lello consider\u00f3 que hay motivos suficientes para investigar al expresidente y a Gustavo<\/p>\n","protected":false},"author":3,"featured_media":6041,"comment_status":"closed","ping_status":"closed","sticky":false,"template":"","format":"standard","meta":{"footnotes":""},"categories":[2],"tags":[],"class_list":["post-6040","post","type-post","status-publish","format-standard","has-post-thumbnail","hentry","category-nacionales"],"featured_image_urls":{"full":["https:\/\/misionescuatro.com.ar\/wp-content\/uploads\/2020\/05\/macri.jpg",680,453,false],"thumbnail":["https:\/\/misionescuatro.com.ar\/wp-content\/uploads\/2020\/05\/macri-150x150.jpg",150,150,true],"medium":["https:\/\/misionescuatro.com.ar\/wp-content\/uploads\/2020\/05\/macri-300x200.jpg",300,200,true],"medium_large":["https:\/\/misionescuatro.com.ar\/wp-content\/uploads\/2020\/05\/macri.jpg",640,426,false],"large":["https:\/\/misionescuatro.com.ar\/wp-content\/uploads\/2020\/05\/macri.jpg",640,426,false],"1536x1536":["https:\/\/misionescuatro.com.ar\/wp-content\/uploads\/2020\/05\/macri.jpg",680,453,false],"2048x2048":["https:\/\/misionescuatro.com.ar\/wp-content\/uploads\/2020\/05\/macri.jpg",680,453,false],"wptouch-new-thumbnail":["https:\/\/misionescuatro.com.ar\/wp-content\/uploads\/2020\/05\/macri.jpg",144,96,false],"morenews-featured":["https:\/\/misionescuatro.com.ar\/wp-content\/uploads\/2020\/05\/macri.jpg",680,453,false],"morenews-large":["https:\/\/misionescuatro.com.ar\/wp-content\/uploads\/2020\/05\/macri.jpg",680,453,false],"morenews-medium":["https:\/\/misionescuatro.com.ar\/wp-content\/uploads\/2020\/05\/macri.jpg",590,393,false]},"author_info":{"info":["Admin"]},"category_info":"<a href=\"https:\/\/misionescuatro.com.ar\/?cat=2\" rel=\"category\">Nacionales<\/a>","tag_info":"Nacionales","comment_count":"0","_links":{"self":[{"href":"https:\/\/misionescuatro.com.ar\/index.php?rest_route=\/wp\/v2\/posts\/6040","targetHints":{"allow":["GET"]}}],"collection":[{"href":"https:\/\/misionescuatro.com.ar\/index.php?rest_route=\/wp\/v2\/posts"}],"about":[{"href":"https:\/\/misionescuatro.com.ar\/index.php?rest_route=\/wp\/v2\/types\/post"}],"author":[{"embeddable":true,"href":"https:\/\/misionescuatro.com.ar\/index.php?rest_route=\/wp\/v2\/users\/3"}],"replies":[{"embeddable":true,"href":"https:\/\/misionescuatro.com.ar\/index.php?rest_route=%2Fwp%2Fv2%2Fcomments&post=6040"}],"version-history":[{"count":1,"href":"https:\/\/misionescuatro.com.ar\/index.php?rest_route=\/wp\/v2\/posts\/6040\/revisions"}],"predecessor-version":[{"id":6042,"href":"https:\/\/misionescuatro.com.ar\/index.php?rest_route=\/wp\/v2\/posts\/6040\/revisions\/6042"}],"wp:featuredmedia":[{"embeddable":true,"href":"https:\/\/misionescuatro.com.ar\/index.php?rest_route=\/wp\/v2\/media\/6041"}],"wp:attachment":[{"href":"https:\/\/misionescuatro.com.ar\/index.php?rest_route=%2Fwp%2Fv2%2Fmedia&parent=6040"}],"wp:term":[{"taxonomy":"category","embeddable":true,"href":"https:\/\/misionescuatro.com.ar\/index.php?rest_route=%2Fwp%2Fv2%2Fcategories&post=6040"},{"taxonomy":"post_tag","embeddable":true,"href":"https:\/\/misionescuatro.com.ar\/index.php?rest_route=%2Fwp%2Fv2%2Ftags&post=6040"}],"curies":[{"name":"wp","href":"https:\/\/api.w.org\/{rel}","templated":true}]}}