{"id":6395,"date":"2020-07-02T15:02:18","date_gmt":"2020-07-02T15:02:18","guid":{"rendered":"http:\/\/misionescuatro.com.ar\/?p=6395"},"modified":"2024-12-27T15:44:00","modified_gmt":"2024-12-27T15:44:00","slug":"el-domingo-vuelve-la-formula-uno-todo-lo-que-hay-que-saber","status":"publish","type":"post","link":"https:\/\/misionescuatro.com.ar\/?p=6395","title":{"rendered":"El domingo vuelve la F\u00f3rmula Uno: todo lo que hay que saber"},"content":{"rendered":"\n<p><em><strong>La m\u00e1xima categor\u00eda del automovilismo se pondr\u00e1 en marcha en Austria. Lewis Hamilton ir\u00e1 por el r\u00e9cord de los siete t\u00edtulos de Michael Shumacher.<\/strong><\/em><\/p>\n\n\n\n<p>Lewis Hamilton (Mercedes) apuntar\u00e1 desde el domingo al r\u00e9cord del alem\u00e1n Michael Schumacher, \u00fanico s\u00e9ptuple campe\u00f3n, en un Mundial de F\u00f3rmula Uno marcado por la pandemia del Covid-19 y que arrancar\u00e1 este fin de semana en Austria, sede de la primera de las ocho carreras inicialmente programadas, todas ellas en Europa y a puertas cerradas.<\/p>\n\n\n\n<p>El certamen, plagado de aplazamientos y cancelaciones, deb\u00eda haber arrancado a mediados de marzo en Australia, donde s\u00f3lo minutos antes del primer ensayo libre se anul\u00f3 la prueba. Y la pandemia pospuso su comienzo hasta que el Red Bull Ring de Spielberg albergue a partir de este viernes el primer Gran Premio del Mundial.<\/p>\n\n\n\n<figure class=\"wp-block-image\"><img decoding=\"async\" src=\"https:\/\/static.misionesonline.news\/wp-content\/uploads\/2020\/07\/collage_formula_uno.jpg\" alt=\"\" class=\"wp-image-1000000390582\"\/><\/figure>\n\n\n\n<p><em><strong>Primeras ocho carreras en Europa y a puertas cerradas<\/strong><\/em><\/p>\n\n\n\n<p>A la espera de que se conozca el resto del calendario, la FIA (Federaci\u00f3n Internacional del Autom\u00f3vil) anunci\u00f3 las primeras ocho carreras, todas en el verano del Viejo Continente.<\/p>\n\n\n\n<p>Habr\u00e1 dos carreras en el circuito Red Bull Ring -sede del Gran Premio de Austria y en el que dentro de una se celebrar\u00e1 el de Estiria- y en Silverstone, que albergar\u00e1, a principios de agosto, el de Gran Breta\u00f1a y el Gran Premio del 70 Aniversario: en conmemoraci\u00f3n de la primera carrera de F\u00f3rmula Uno, disputada hace justo siete decenios en la legendaria pista inglesa.<\/p>\n\n\n\n<p><em><strong>Los destacados de la primera parte del calendario 2020<\/strong><\/em><\/p>\n\n\n\n<p>Entre el \u2018programa doble\u2019 de Austria y el de Inglaterra, tendr\u00e1 lugar, en el Hungaroring -en las afueras de Budapest-, el Gran Premio de Hungr\u00eda.<\/p>\n\n\n\n<p>El de Espa\u00f1a se correr\u00e1 el 16 de agosto en Montmel\u00f3 (Barcelona), dos semanas antes que el de B\u00e9lgica, en Spa-Francorchamps. Y Monza ser\u00e1 sede del Gran Premio de Italia, el pr\u00f3ximo 6 de septiembre.<\/p>\n\n\n\n<p><em><strong>El resto del programa se anunciar\u00e1 m\u00e1s adelante<\/strong><\/em><\/p>\n\n\n\n<p>La segunda parte de la agenda ser\u00e1 confirmada m\u00e1s adelante aunque los Grandes Premios de Rusia (en Sochi, previsto el 27 de septiembre), Estados Unidos (en Austin, Texas, el 25 de octubre) y los te\u00f3ricos tres \u00faltimos, en M\u00e9xico -en el Aut\u00f3dromo Hermanos Rodr\u00edguez de la capital-, Brasil y Abu Dabi (todos ellos en noviembre), no fueron ni aplazados ni cancelados de forma oficial.<\/p>\n\n\n\n<p><em><strong>Hamilton, activista contra el racismo<\/strong><\/em><\/p>\n\n\n\n<p>El ingl\u00e9s, de 35 a\u00f1os -y que esta temporada tambi\u00e9n puede igualar o superar el r\u00e9cord hist\u00f3rico de triunfos (91) de Michael Schumacher, del que est\u00e1 a tiro de siete tras igualar los seis de Juan Manuel Fangio- centr\u00f3 la atenci\u00f3n las pasadas semanas al erigirse en gran activista contra el racismo, a ra\u00edz del brutal asesinato del afroamericano George Floyd a manos de cuatro polic\u00edas en Minneapolis (Minesota, EEUU).<\/p>\n\n\n\n<figure class=\"wp-block-image\"><img decoding=\"async\" src=\"https:\/\/static.misionesonline.news\/wp-content\/uploads\/2020\/07\/5efdc525a4006_WhatsApp_Image_2020-07-02_at_08.05.06.jpeg\" alt=\"\" class=\"wp-image-1000000390583\"\/><\/figure>\n\n\n\n<p>Sus declaraciones contra la persecuci\u00f3n racial encontraron sorprendente respuesta en el antiguo mandam\u00e1s de la F1, Bernie Ecclestone, que a su vez fue duramente recriminado por la actual direcci\u00f3n de la categor\u00eda reina.<\/p>\n\n\n\n<p><em><strong>Mercedes cambia sus monoplazas plateadas por el color negro<\/strong><\/em><\/p>\n\n\n\n<p>El espectacular campe\u00f3n de Stevenage s\u00ed recibi\u00f3 apoyo inmediato de su escuder\u00eda, Mercedes -gran dominadora, con seis dobletes (pilotos y constructores) los \u00faltimos seis a\u00f1os- que, como gesto solidario, pintar\u00e1 de negro sus flechas de plata en el Red Bull Ring, una pista de 4318 metros a la que el domingo est\u00e1 previsto dar 71 vueltas para completar un recorrido de 306,5 kil\u00f3metros.<\/p>\n\n\n\n<figure class=\"wp-block-image\"><img decoding=\"async\" src=\"https:\/\/static.misionesonline.news\/wp-content\/uploads\/2020\/07\/5efdc56bcf345_WhatsApp_Image_2020-07-02_at_08.05.06_2.jpeg\" alt=\"\" class=\"wp-image-1000000390584\"\/><\/figure>\n\n\n\n<p><em><strong>Pista de frenada y tracci\u00f3n; neum\u00e1ticos C2, C3 y C4 en Austria<\/strong><\/em><\/p>\n\n\n\n<p>Se trata de un circuito de frenada y tracci\u00f3n, de vuelta corta y r\u00e1pida, donde -con neum\u00e1ticos de compuestos C2 (duro, reconocible por la raya blanca), C3 (medio, raya amarilla) y C4 (blando, roja)- este viernes arrancan los entrenamientos libres; que se completar\u00e1n el s\u00e1bado, horas antes de la calificaci\u00f3n que ordenar\u00e1 la parrilla de salida de la prueba dominical.<\/p>\n\n\n\n<p><em><strong>Verstappen, doble ganador en Austria, principal rival de Lewis<\/strong><\/em><\/p>\n\n\n\n<p>El holand\u00e9s Max Verstappen (Red Bull), que el a\u00f1o pasado repiti\u00f3 el triunfo de 2018 en el circuito propiedad de su escuder\u00eda, se presenta como principal opositor a los objetivos hist\u00f3ricos de Hamilton. A los que tambi\u00e9n se opondr\u00e1 el monegasco Charles Leclerc (Ferrari), que, al igual que el neerland\u00e9s, aspira a convertirse, en este at\u00edpico torneo, en el campe\u00f3n m\u00e1s joven de la historia.<\/p>\n\n\n\n<p>Verstappen y Leclerc -m\u00e1ximos representantes de la Next Gen- batir\u00edan, si destronan a Hamilton, la plusmarca del alem\u00e1n Sebastian Vettel, compa\u00f1ero del segundo en Ferrari y que gan\u00f3 el primero de sus cuatro Mundiales seguidos (en 2010, con Red Bull) a los 23 a\u00f1os.<\/p>\n\n\n\n<p><em><strong>Max y Leclerc van por el r\u00e9cord de juventud si destronan a Hamilton<\/strong><\/em><\/p>\n\n\n\n<p>Esa edad la cumplir\u00e1n el holand\u00e9s y el monegasco durante este campeonato: con la diferencia de que Seb naci\u00f3 en julio; Max, en septiembre; y Charles, en octubre.<\/p>\n\n\n\n<p>Verstappen fue tercero el pasado campeonato, por detr\u00e1s de los dos Mercedes -el de Hamilton y el del finland\u00e9s Valtteri Bottas-, con tres triunfos que elevaron a ocho una relaci\u00f3n que inici\u00f3 hace cuatro a\u00f1os; cuando, con 18, se proclam\u00f3 en el ganador m\u00e1s joven de la historia: al vencer en el Gran Premio de Espa\u00f1a, en Montmel\u00f3.<\/p>\n\n\n\n<p>En su segunda temporada en la categor\u00eda reina, Leclerc firm\u00f3 dos triunfos y siete \u2018poles\u2019 y acab\u00f3 cuarto el Mundial, por delante de Vettel, que el a\u00f1o que viene ser\u00e1 sustituido por el espa\u00f1ol Carlos Sainz (McLaren) en la escuder\u00eda m\u00e1s laureada de la F\u00f3rmula Uno.<\/p>\n\n\n\n<p><em><strong>El bombazo del confinamiento: Sainz ser\u00e1 piloto Ferrari en 2021<\/strong><\/em><\/p>\n\n\n\n<p>En el Red Bull Ring arrancar\u00e1 su sexta temporada en lo m\u00e1s alto del automovilismo el talentoso piloto madrile\u00f1o -de 25 a\u00f1os-, protagonista del bombazo del confinamiento: en 2021, Sainz ser\u00e1 compa\u00f1ero de Leclerc en Ferrari, equipo con el que firm\u00f3 un contrato de dos a\u00f1os; y su asiento en McLaren lo ocupar\u00e1 el australiano Daniel Ricciardo, que, a su vez, deja uno libre en Renault.<\/p>\n\n\n\n<figure class=\"wp-block-image\"><img decoding=\"async\" src=\"https:\/\/static.misionesonline.news\/wp-content\/uploads\/2020\/07\/5efdc63c83688_WhatsApp_Image_2020-07-02_at_08.11.47.jpeg\" alt=\"\" class=\"wp-image-1000000390585\"\/><\/figure>\n\n\n\n<p>Eso dispar\u00f3 de nuevo la habitual zona de rumores acerca de un hipot\u00e9tico regreso de otro espa\u00f1ol, Fernando Alonso, que el 23 de agosto disputar\u00e1 por tercera vez las 500 Millas de Indian\u00e1polis, con un McLaren-Chevrolet, en busca de la Triple Corona. El doble campe\u00f3n mundial asturiano contemplaba 2021 como una fecha razonable para un posible regreso a la F1, debido al cambio de un reglamento que, sin embargo, qued\u00f3 pospuesto un a\u00f1o a causa de la pandemia.<\/p>\n\n\n\n<p><em><strong>Fuertes medidas sanitarias, poco personal y muchos test<\/strong><\/em><\/p>\n\n\n\n<p>Al lado de las enormes medidas de precauci\u00f3n sanitarias -todo el personal que entre a los circuitos deber\u00e1 presentar un negativo en Covid 19 en un test de un m\u00e1ximo de cuatro d\u00edas de antig\u00fcedad-, entre los cambios destacan los fuertes recortes presupuestarios que pretenden mantener la sostenibilidad de este gigantesco negocio.<\/p>\n\n\n\n<p><em><strong>Sainz por la puerta grande con McLaren<\/strong><\/em><\/p>\n\n\n\n<p>Sainz firm\u00f3 en 2019 con McLaren, la mejor de sus cinco campa\u00f1as, al acabar sexto un Mundial en el que logr\u00f3 su primer podio: acab\u00f3 tercero en el Gran Premio de Brasil, en Interlagos (S\u00e3o Paulo).<\/p>\n\n\n\n<p>El hijo del doble campe\u00f3n mundial de rallys -triple ganador del Dakar y flamante Premio Princesa de Asturias de los Deportes- de id\u00e9ntico nombre quiere salir por la puerta grande de McLaren, en un Mundial del que tambi\u00e9n espera mucho el mexicano Sergio P\u00e9rez (Racing Point), de 30 a\u00f1os, seg\u00fan explic\u00f3 a Efe en Abu Dabi, durante la \u00faltima carrera del pasado curso, el bravo piloto tapat\u00edo.<\/p>\n\n\n\n<p>El mexicano Checo P\u00e9rez, en tanto, empieza en Austria su d\u00e9cima campa\u00f1a en la F1, la s\u00e9ptima en su actual escuder\u00eda, que a mediados de 2018 cambi\u00f3 su nombre de Force India por el actual.<\/p>\n\n\n\n<p><em><strong>Calendario de las primeras ocho carreras del Mundial de F\u00f3rmula Uno 2020<\/strong><\/em><\/p>\n\n\n\n<p>3-5 julio: Gran Premio de Austria, en Spielberg (Estiria).<\/p>\n\n\n\n<p>10-12 julio: Gran Premio de Estiria, en Spielberg (Austria).<\/p>\n\n\n\n<p>17-19 julio: Gran Premio de Hungr\u00eda, en Hungaroring (Budapest).<\/p>\n\n\n\n<p>31 julio-2 agosto: Gran Premio de Gran Breta\u00f1a, en Silverstone.<\/p>\n\n\n\n<p>7-9 agosto: Gran Premio del 70 Aniversario, en Silverstone.<\/p>\n\n\n\n<p>14-16 agosto: Gran Premio de Espa\u00f1a, en Montmel\u00f3 (Barcelona).<\/p>\n\n\n\n<p>28-30 agosto: Gran Premio de B\u00e9lgica, en Spa-Francorchamps.<\/p>\n\n\n\n<p>4-6 septiembre: Gran Premio de Italia, en Monza.<\/p>\n\n\n\n<p>Fuente: TN<\/p>\n","protected":false},"excerpt":{"rendered":"<p>La m\u00e1xima categor\u00eda del automovilismo se pondr\u00e1 en marcha en Austria. Lewis Hamilton ir\u00e1 por el r\u00e9cord de<\/p>\n","protected":false},"author":3,"featured_media":6396,"comment_status":"closed","ping_status":"closed","sticky":false,"template":"","format":"standard","meta":{"footnotes":""},"categories":[4],"tags":[],"class_list":["post-6395","post","type-post","status-publish","format-standard","has-post-thumbnail","hentry","category-deportes"],"featured_image_urls":{"full":["https:\/\/misionescuatro.com.ar\/wp-content\/uploads\/2020\/07\/f1.jpg",980,554,false],"thumbnail":["https:\/\/misionescuatro.com.ar\/wp-content\/uploads\/2020\/07\/f1-150x150.jpg",150,150,true],"medium":["https:\/\/misionescuatro.com.ar\/wp-content\/uploads\/2020\/07\/f1-300x170.jpg",300,170,true],"medium_large":["https:\/\/misionescuatro.com.ar\/wp-content\/uploads\/2020\/07\/f1-768x434.jpg",640,362,true],"large":["https:\/\/misionescuatro.com.ar\/wp-content\/uploads\/2020\/07\/f1.jpg",640,362,false],"1536x1536":["https:\/\/misionescuatro.com.ar\/wp-content\/uploads\/2020\/07\/f1.jpg",980,554,false],"2048x2048":["https:\/\/misionescuatro.com.ar\/wp-content\/uploads\/2020\/07\/f1.jpg",980,554,false],"wptouch-new-thumbnail":["https:\/\/misionescuatro.com.ar\/wp-content\/uploads\/2020\/07\/f1.jpg",144,81,false],"morenews-featured":["https:\/\/misionescuatro.com.ar\/wp-content\/uploads\/2020\/07\/f1.jpg",980,554,false],"morenews-large":["https:\/\/misionescuatro.com.ar\/wp-content\/uploads\/2020\/07\/f1.jpg",825,466,false],"morenews-medium":["https:\/\/misionescuatro.com.ar\/wp-content\/uploads\/2020\/07\/f1.jpg",590,334,false]},"author_info":{"info":["Admin"]},"category_info":"<a href=\"https:\/\/misionescuatro.com.ar\/?cat=4\" rel=\"category\">Deportes<\/a>","tag_info":"Deportes","comment_count":"0","_links":{"self":[{"href":"https:\/\/misionescuatro.com.ar\/index.php?rest_route=\/wp\/v2\/posts\/6395","targetHints":{"allow":["GET"]}}],"collection":[{"href":"https:\/\/misionescuatro.com.ar\/index.php?rest_route=\/wp\/v2\/posts"}],"about":[{"href":"https:\/\/misionescuatro.com.ar\/index.php?rest_route=\/wp\/v2\/types\/post"}],"author":[{"embeddable":true,"href":"https:\/\/misionescuatro.com.ar\/index.php?rest_route=\/wp\/v2\/users\/3"}],"replies":[{"embeddable":true,"href":"https:\/\/misionescuatro.com.ar\/index.php?rest_route=%2Fwp%2Fv2%2Fcomments&post=6395"}],"version-history":[{"count":1,"href":"https:\/\/misionescuatro.com.ar\/index.php?rest_route=\/wp\/v2\/posts\/6395\/revisions"}],"predecessor-version":[{"id":6397,"href":"https:\/\/misionescuatro.com.ar\/index.php?rest_route=\/wp\/v2\/posts\/6395\/revisions\/6397"}],"wp:featuredmedia":[{"embeddable":true,"href":"https:\/\/misionescuatro.com.ar\/index.php?rest_route=\/wp\/v2\/media\/6396"}],"wp:attachment":[{"href":"https:\/\/misionescuatro.com.ar\/index.php?rest_route=%2Fwp%2Fv2%2Fmedia&parent=6395"}],"wp:term":[{"taxonomy":"category","embeddable":true,"href":"https:\/\/misionescuatro.com.ar\/index.php?rest_route=%2Fwp%2Fv2%2Fcategories&post=6395"},{"taxonomy":"post_tag","embeddable":true,"href":"https:\/\/misionescuatro.com.ar\/index.php?rest_route=%2Fwp%2Fv2%2Ftags&post=6395"}],"curies":[{"name":"wp","href":"https:\/\/api.w.org\/{rel}","templated":true}]}}