{"id":6403,"date":"2020-07-06T13:27:58","date_gmt":"2020-07-06T13:27:58","guid":{"rendered":"http:\/\/misionescuatro.com.ar\/?p=6403"},"modified":"2024-12-27T15:44:00","modified_gmt":"2024-12-27T15:44:00","slug":"el-gobernador-oscar-herrera-ahuad-participo-en-la-toma-de-posesion-del-nuevo-obispo-de-la-diocesis-de-iguazu","status":"publish","type":"post","link":"https:\/\/misionescuatro.com.ar\/?p=6403","title":{"rendered":"El gobernador Oscar Herrera Ahuad particip\u00f3 en la toma de posesi\u00f3n del nuevo Obispo de la Di\u00f3cesis de Iguaz\u00fa"},"content":{"rendered":"\n<p><strong><em>El Gobernador acompa\u00f1\u00f3 esta tarde la ceremonia en la cual el nuevo obispo tom\u00f3&nbsp; posesi\u00f3n can\u00f3nica de la Di\u00f3cesis de Puerto Iguaz\u00fa. M<\/em><em>onse\u00f1or Nicol\u00e1s Baisi asumi\u00f3 como obispo, luego de que&nbsp;<\/em><em>Marcelo Ra\u00fal Martorell presentara oportunamente su renuncia ante el Papa Francisco tras haber alcanzado los 75 a\u00f1os de edad.<\/em><\/strong><\/p>\n\n\n\n<p>Oscar Herrera Ahuad asisti\u00f3 a la ceremonia de asunci\u00f3n del nuevo obispo de la Di\u00f3cesis de Iguaz\u00fa, monse\u00f1or Nicol\u00e1s Baisi, quien tom\u00f3 posesi\u00f3n esta tarde durante una emotiva ceremonia que se realiz\u00f3 en la parroquia Catedral Virgen del Carmen de esa localidad. La celebraci\u00f3n religiosa se llev\u00f3 a cabo aplicando las normas sanitarias de distanciamiento social entre los participantes.<\/p>\n\n\n\n<p>En el marco de las celebraciones el Gobernador destac\u00f3 el rol de la iglesia y de los l\u00edderes religiosos para acompa\u00f1ar al pueblo siempre, pero en especial en este dif\u00edcil momento de pandemia. \u00a0Luego le dio la bienvenida y le ofreci\u00f3 su compromiso para trabajar en conjunto. \u201cSabemos que estos son tiempos dif\u00edciles, donde la paz,\u00a0 la tranquilidad, pero a su vez tambi\u00e9n la fe y la esperanza son el motor m\u00e1s importante para nuestra humanidad. Y poder hacer esta celebraci\u00f3n en estos tiempos es muy importante para todos. Sepa que tiene mi compromiso para acompa\u00f1arlo, somos un pueblo de enormes convicciones y nuestra provincia es su casa\u201d. Posteriormente el mandatario provincial le entreg\u00f3 a modo de presente una r\u00e9plica de Andresito Guacurar\u00ed similar al que le ofrend\u00f3 en febrero al Papa Francisco.<\/p>\n\n\n\n<figure class=\"wp-block-image\"><a href=\"https:\/\/misionesonline.net\/2020\/07\/05\/el-gobernador-oscar-herrera-ahuad-participo-en-la-toma-de-posesion-del-nuevo-obispo-de-la-diocesis-de-iguazu\/2020-07-05-at-19-53-06-1\/\"><img decoding=\"async\" src=\"https:\/\/static.misionesonline.news\/wp-content\/uploads\/2020\/07\/2020-07-05-at-19.53.06-1.jpeg?w=473&amp;h=315\" alt=\"\"\/><\/a><\/figure>\n\n\n\n<figure class=\"wp-block-image\"><a href=\"https:\/\/misionesonline.net\/2020\/07\/05\/el-gobernador-oscar-herrera-ahuad-participo-en-la-toma-de-posesion-del-nuevo-obispo-de-la-diocesis-de-iguazu\/2020-07-05-at-19-53-06\/\"><img decoding=\"async\" src=\"https:\/\/static.misionesonline.news\/wp-content\/uploads\/2020\/07\/2020-07-05-at-19.53.06.jpeg?w=234&amp;h=156\" alt=\"\"\/><\/a><\/figure>\n\n\n\n<figure class=\"wp-block-image\"><a href=\"https:\/\/misionesonline.net\/2020\/07\/05\/el-gobernador-oscar-herrera-ahuad-participo-en-la-toma-de-posesion-del-nuevo-obispo-de-la-diocesis-de-iguazu\/2020-07-05-at-19-53-07-1\/\"><img decoding=\"async\" src=\"https:\/\/static.misionesonline.news\/wp-content\/uploads\/2020\/07\/2020-07-05-at-19.53.07-1.jpeg?w=234&amp;h=155\" alt=\"\"\/><\/a><\/figure>\n\n\n\n<figure class=\"wp-block-image\"><a href=\"https:\/\/misionesonline.net\/2020\/07\/05\/el-gobernador-oscar-herrera-ahuad-participo-en-la-toma-de-posesion-del-nuevo-obispo-de-la-diocesis-de-iguazu\/2020-07-05-at-19-53-07-2\/\"><img decoding=\"async\" src=\"https:\/\/static.misionesonline.news\/wp-content\/uploads\/2020\/07\/2020-07-05-at-19.53.07-2.jpeg?w=235&amp;h=156\" alt=\"\"\/><\/a><\/figure>\n\n\n\n<figure class=\"wp-block-image\"><a href=\"https:\/\/misionesonline.net\/2020\/07\/05\/el-gobernador-oscar-herrera-ahuad-participo-en-la-toma-de-posesion-del-nuevo-obispo-de-la-diocesis-de-iguazu\/2020-07-05-at-19-53-08-1\/\"><img decoding=\"async\" src=\"https:\/\/static.misionesonline.news\/wp-content\/uploads\/2020\/07\/2020-07-05-at-19.53.08-1.jpeg?w=234&amp;h=156\" alt=\"\"\/><\/a><\/figure>\n\n\n\n<figure class=\"wp-block-image\"><a href=\"https:\/\/misionesonline.net\/2020\/07\/05\/el-gobernador-oscar-herrera-ahuad-participo-en-la-toma-de-posesion-del-nuevo-obispo-de-la-diocesis-de-iguazu\/2020-07-05-at-19-53-08\/\"><img decoding=\"async\" src=\"https:\/\/static.misionesonline.news\/wp-content\/uploads\/2020\/07\/2020-07-05-at-19.53.08.jpeg?w=234&amp;h=156\" alt=\"\"\/><\/a><\/figure>\n\n\n\n<p>Inmediatamente despu\u00e9s agradeci\u00f3 los a\u00f1os compartidos con el ex Obispo Marcelo Ra\u00fal Martorell: \u201cQuiero agradecerte por tu dedicaci\u00f3n durante todo este tiempo, el cari\u00f1o, el afecto y tu trabajo.&nbsp; No te vas, siempre vas a estar en nuestros corazones. Tambi\u00e9n quiero agradecerte la confianza y las acciones que pudimos llevar adelante en conjunto\u201d, manifest\u00f3 y resalt\u00f3 la sinergia con la que trabajaron para fortalecer a la provincia, cada uno desde el rol que le correspond\u00eda.<\/p>\n\n\n\n<p>Por su parte el nuevo obispo Nicol\u00e1s Baisi, agradeci\u00f3 la bienvenida y destac\u00f3 la calidez del pueblo misionero. Cura, de 55 a\u00f1os y con una carrera eclesi\u00e1stica destacada, se desempe\u00f1aba como auxiliar de la di\u00f3cesis de La Pata desde 2010 y a partir de ahora se har\u00e1 cargo de la di\u00f3cesis de Puerto Iguaz\u00fa. Un distrito que fue creado el 16 de junio de 1986 por el Papa Juan Pablo II y tiene una poblaci\u00f3n de 409.260 habitantes y 18 municipios.<\/p>\n\n\n\n<p>La emotiva celebraci\u00f3n religiosa se llev\u00f3 a cabo con la participaron de un reducido p\u00fablico que se ajust\u00f3 al protocolo vigente para reuniones de culto, confesiones religiosas, iglesias y\/templos por la emergencia sanitaria. En ese marco el Gobernador estuvo acompa\u00f1ado del intendente local, Claudio Filippa; el diputado nacional, Ricardo Wellbach; autoridades religiosas, encabezadas por Monse\u00f1or Rub\u00e9n Mart\u00ednez, Obispo de la di\u00f3cesis de Posadas y Monse\u00f1or Dami\u00e1n Santiago Bitar de la di\u00f3cesis de Ober\u00e1, la Subsecretaria de Culto de la provincia, Rossana Barrios y representantes de las fuerzas de seguridad federales y provinciales.<\/p>\n\n\n\n<p><strong>La despedida de Monse\u00f1or Marcelo Ra\u00fal Martorell<\/strong><\/p>\n\n\n\n<p>El obispo em\u00e9rito, Marcelo Ra\u00fal Martorell, dio la bienvenida a Nicol\u00e1s Baisi y le transmiti\u00f3 su alegr\u00eda. \u201cS\u00e9 que colaborar\u00e1s con las autoridades provinciales y municipales en la b\u00fasqueda del bien com\u00fan de la comunidad, y que cuidar\u00e1s de los m\u00e1s humildes, especialmente de sacerdotes y seminaristas, ellos han sido para m\u00ed, siempre, el latido de mi coraz\u00f3n\u201d, asegur\u00f3.<\/p>\n\n\n\n<p>M\u00e1s adelante, Martorell asegur\u00f3 que \u201choy se termina mi caminar por esta di\u00f3cesis, donde recib\u00ed toda la colaboraci\u00f3n. Los 18 municipios siempre han estado en mi coraz\u00f3n, los llevo a todos en \u00e9l: a los colonos, a sus comunidades\u201d. Hizo tambi\u00e9n especial referencia a las comunidades abor\u00edgenes porque \u201cllevan enraizadas las figuras de San Ignacio de Loyola y te esperan con ansias, si te sientas en sus casas y sus peque\u00f1as placitas, encontrar\u00e1s el ansia y la sed de Dios; ellos ser\u00e1n para ti hijos indispensables de nuestra santa madre Iglesia\u201d.<\/p>\n\n\n\n<p>Sobre el final de su intervenci\u00f3n,\u201d donde la tristeza y la alegr\u00eda se confunden\u201d, asegur\u00f3, Martorell se despidi\u00f3 de seminaristas, colaboradores, autoridades pol\u00edticas y fuerzas de seguridad con quienes trabaj\u00f3 desde el obispado de Iguaz\u00fa.<\/p>\n\n\n\n<p><strong>Las primeras palabras del nuevo Obispo<\/strong><\/p>\n\n\n\n<p>Durante su primera intervenci\u00f3n como obispo de la di\u00f3cesis, Monse\u00f1or Baisi record\u00f3 que \u201cme toca suceder a grandes obispos, Kemerer, Pi\u00f1a y Martorell. S\u00e9 que esta es una tierra generosa testigo de las m\u00e1s grandes epopeyas evangelizadoras de la humanidad\u201d, asegur\u00f3. Al mismo tiempo agradeci\u00f3 el cari\u00f1o y la cercan\u00eda recibidas desde el mismo momento en que lleg\u00f3 a Misiones y en especial agradeci\u00f3 al gobernador Herrera Ahuad \u201cque el primer d\u00eda me recibi\u00f3 en su casa como un peregrino y porque gracias a su gesti\u00f3n en esta provincia tenemos misa p\u00fablica\u201d.Sobre el final expres\u00f3 su deseo de \u201cpoder ser un buen pastor para esta querida di\u00f3cesis\u201d.<\/p>\n\n\n\n<p>misionesonline.net<\/p>\n","protected":false},"excerpt":{"rendered":"<p>El Gobernador acompa\u00f1\u00f3 esta tarde la ceremonia en la cual el nuevo obispo tom\u00f3&nbsp; posesi\u00f3n can\u00f3nica de la<\/p>\n","protected":false},"author":3,"featured_media":6404,"comment_status":"closed","ping_status":"closed","sticky":false,"template":"","format":"standard","meta":{"footnotes":""},"categories":[3],"tags":[],"class_list":["post-6403","post","type-post","status-publish","format-standard","has-post-thumbnail","hentry","category-provinciales"],"featured_image_urls":{"full":["https:\/\/misionescuatro.com.ar\/wp-content\/uploads\/2020\/07\/gob-y-obis.jpeg",600,399,false],"thumbnail":["https:\/\/misionescuatro.com.ar\/wp-content\/uploads\/2020\/07\/gob-y-obis-150x150.jpeg",150,150,true],"medium":["https:\/\/misionescuatro.com.ar\/wp-content\/uploads\/2020\/07\/gob-y-obis-300x200.jpeg",300,200,true],"medium_large":["https:\/\/misionescuatro.com.ar\/wp-content\/uploads\/2020\/07\/gob-y-obis.jpeg",600,399,false],"large":["https:\/\/misionescuatro.com.ar\/wp-content\/uploads\/2020\/07\/gob-y-obis.jpeg",600,399,false],"1536x1536":["https:\/\/misionescuatro.com.ar\/wp-content\/uploads\/2020\/07\/gob-y-obis.jpeg",600,399,false],"2048x2048":["https:\/\/misionescuatro.com.ar\/wp-content\/uploads\/2020\/07\/gob-y-obis.jpeg",600,399,false],"wptouch-new-thumbnail":["https:\/\/misionescuatro.com.ar\/wp-content\/uploads\/2020\/07\/gob-y-obis.jpeg",144,96,false],"morenews-featured":["https:\/\/misionescuatro.com.ar\/wp-content\/uploads\/2020\/07\/gob-y-obis.jpeg",600,399,false],"morenews-large":["https:\/\/misionescuatro.com.ar\/wp-content\/uploads\/2020\/07\/gob-y-obis.jpeg",600,399,false],"morenews-medium":["https:\/\/misionescuatro.com.ar\/wp-content\/uploads\/2020\/07\/gob-y-obis.jpeg",590,392,false]},"author_info":{"info":["Admin"]},"category_info":"<a href=\"https:\/\/misionescuatro.com.ar\/?cat=3\" rel=\"category\">Provinciales<\/a>","tag_info":"Provinciales","comment_count":"0","_links":{"self":[{"href":"https:\/\/misionescuatro.com.ar\/index.php?rest_route=\/wp\/v2\/posts\/6403","targetHints":{"allow":["GET"]}}],"collection":[{"href":"https:\/\/misionescuatro.com.ar\/index.php?rest_route=\/wp\/v2\/posts"}],"about":[{"href":"https:\/\/misionescuatro.com.ar\/index.php?rest_route=\/wp\/v2\/types\/post"}],"author":[{"embeddable":true,"href":"https:\/\/misionescuatro.com.ar\/index.php?rest_route=\/wp\/v2\/users\/3"}],"replies":[{"embeddable":true,"href":"https:\/\/misionescuatro.com.ar\/index.php?rest_route=%2Fwp%2Fv2%2Fcomments&post=6403"}],"version-history":[{"count":1,"href":"https:\/\/misionescuatro.com.ar\/index.php?rest_route=\/wp\/v2\/posts\/6403\/revisions"}],"predecessor-version":[{"id":6405,"href":"https:\/\/misionescuatro.com.ar\/index.php?rest_route=\/wp\/v2\/posts\/6403\/revisions\/6405"}],"wp:featuredmedia":[{"embeddable":true,"href":"https:\/\/misionescuatro.com.ar\/index.php?rest_route=\/wp\/v2\/media\/6404"}],"wp:attachment":[{"href":"https:\/\/misionescuatro.com.ar\/index.php?rest_route=%2Fwp%2Fv2%2Fmedia&parent=6403"}],"wp:term":[{"taxonomy":"category","embeddable":true,"href":"https:\/\/misionescuatro.com.ar\/index.php?rest_route=%2Fwp%2Fv2%2Fcategories&post=6403"},{"taxonomy":"post_tag","embeddable":true,"href":"https:\/\/misionescuatro.com.ar\/index.php?rest_route=%2Fwp%2Fv2%2Ftags&post=6403"}],"curies":[{"name":"wp","href":"https:\/\/api.w.org\/{rel}","templated":true}]}}