{"id":6510,"date":"2020-07-08T15:02:48","date_gmt":"2020-07-08T15:02:48","guid":{"rendered":"http:\/\/misionescuatro.com.ar\/?p=6510"},"modified":"2024-12-27T15:43:36","modified_gmt":"2024-12-27T15:43:36","slug":"corrientes-cuenta-con-camaras-termicas-en-sus-pasos-fronterizos","status":"publish","type":"post","link":"https:\/\/misionescuatro.com.ar\/?p=6510","title":{"rendered":"Corrientes cuenta con c\u00e1maras t\u00e9rmicas en sus pasos fronterizos"},"content":{"rendered":"\n<p><em><strong>Se trata de dispositivos que detectan la temperatura corporal de quienes transitan por la zona. Desde Migraciones aclararon que las fronteras contin\u00faan cerradas para veh\u00edculos particulares y que solo ingresa al pa\u00eds transporte de carga \u201chabilitados como esenciales\u201d.<\/strong><\/em><\/p>\n\n\n\n<p>La Delegaci\u00f3n Corrientes de la Direcci\u00f3n Nacional de Migraciones recibi\u00f3 c\u00e1maras t\u00e9rmicas para el control de temperatura en los pasos fronterizos que agilizar\u00e1n los controles preventivos en la emergencia sanitaria por la pandemia de coronavirus.<br><br>El director de la delegaci\u00f3n, Ataliva Laprovitta, detall\u00f3 que el equipamiento tecnol\u00f3gico controla autom\u00e1ticamente la temperatura a las personas mientras realizan el tr\u00e1mite migratorio. \u201cLas c\u00e1maras t\u00e9rmicas se instalaron en los pasos fronterizos de las localidades de Paso de los Libres y Santo Tom\u00e9 para detectar r\u00e1pidamente la temperatura corporal de qui\u00e9nes est\u00e1n realizando el tr\u00e1mite migratorio\u201d, explic\u00f3 Laprovitta a T\u00e9lam.<br><br>El funcionario destac\u00f3 que \u201cla incorporaci\u00f3n de mayor tecnolog\u00eda, sirve adem\u00e1s de apoyo al \u00e1rea de sanidad de frontera, ya que si se detecta un (cuadro) febril de esta manera, se aplica el protocolo ante un posible caso de coronavirus\u201d. Por otra parte, se\u00f1al\u00f3 que las fronteras contin\u00faan cerradas para veh\u00edculos particulares y que solo ingresa al pa\u00eds transporte de carga \u201chabilitados como esenciales\u201d.<br><br>En cuanto a los casos de Covid-19 de transportistas que se hayan confirmado en dichos ingresos, el director se\u00f1al\u00f3 que desde el inicio de la pandemia a la fecha, fueron solo dos, asintom\u00e1ticos, uno de ellos detectado posteriormente en C\u00f3rdoba y el otro en Misiones.<br><br>Al respercto, precis\u00f3 que d\u00edas atr\u00e1s se detect\u00f3 en Paso de los Libres a un camionero portador del virus, proveniente de Brasil, \u201cpero tras la confirmaci\u00f3n, se le prohibi\u00f3 el ingreso y tuvo que regresar a su pa\u00eds\u201d. Laprovitta se\u00f1al\u00f3 que m\u00e1s de 17 mil camiones ingresan por mes a trav\u00e9s de las localidades correntinas de Santo Tom\u00e9 y Paso de los Libres y que desde el inicio de la pandemia la reducci\u00f3n de los veh\u00edculos de gran porte fue de 30 por ciento.<\/p>\n\n\n\n<p>agenciahoy.com<\/p>\n","protected":false},"excerpt":{"rendered":"<p>Se trata de dispositivos que detectan la temperatura corporal de quienes transitan por la zona. Desde Migraciones aclararon<\/p>\n","protected":false},"author":3,"featured_media":6511,"comment_status":"closed","ping_status":"closed","sticky":false,"template":"","format":"standard","meta":{"footnotes":""},"categories":[20],"tags":[],"class_list":["post-6510","post","type-post","status-publish","format-standard","has-post-thumbnail","hentry","category-region"],"featured_image_urls":{"full":["https:\/\/misionescuatro.com.ar\/wp-content\/uploads\/2020\/07\/camaras-corrientes.jpg",800,532,false],"thumbnail":["https:\/\/misionescuatro.com.ar\/wp-content\/uploads\/2020\/07\/camaras-corrientes-150x150.jpg",150,150,true],"medium":["https:\/\/misionescuatro.com.ar\/wp-content\/uploads\/2020\/07\/camaras-corrientes-300x200.jpg",300,200,true],"medium_large":["https:\/\/misionescuatro.com.ar\/wp-content\/uploads\/2020\/07\/camaras-corrientes-768x511.jpg",640,426,true],"large":["https:\/\/misionescuatro.com.ar\/wp-content\/uploads\/2020\/07\/camaras-corrientes.jpg",640,426,false],"1536x1536":["https:\/\/misionescuatro.com.ar\/wp-content\/uploads\/2020\/07\/camaras-corrientes.jpg",800,532,false],"2048x2048":["https:\/\/misionescuatro.com.ar\/wp-content\/uploads\/2020\/07\/camaras-corrientes.jpg",800,532,false],"wptouch-new-thumbnail":["https:\/\/misionescuatro.com.ar\/wp-content\/uploads\/2020\/07\/camaras-corrientes.jpg",144,96,false],"morenews-featured":["https:\/\/misionescuatro.com.ar\/wp-content\/uploads\/2020\/07\/camaras-corrientes.jpg",800,532,false],"morenews-large":["https:\/\/misionescuatro.com.ar\/wp-content\/uploads\/2020\/07\/camaras-corrientes.jpg",800,532,false],"morenews-medium":["https:\/\/misionescuatro.com.ar\/wp-content\/uploads\/2020\/07\/camaras-corrientes.jpg",590,392,false]},"author_info":{"info":["Admin"]},"category_info":"<a href=\"https:\/\/misionescuatro.com.ar\/?cat=20\" rel=\"category\">Regi\u00f3n<\/a>","tag_info":"Regi\u00f3n","comment_count":"0","_links":{"self":[{"href":"https:\/\/misionescuatro.com.ar\/index.php?rest_route=\/wp\/v2\/posts\/6510","targetHints":{"allow":["GET"]}}],"collection":[{"href":"https:\/\/misionescuatro.com.ar\/index.php?rest_route=\/wp\/v2\/posts"}],"about":[{"href":"https:\/\/misionescuatro.com.ar\/index.php?rest_route=\/wp\/v2\/types\/post"}],"author":[{"embeddable":true,"href":"https:\/\/misionescuatro.com.ar\/index.php?rest_route=\/wp\/v2\/users\/3"}],"replies":[{"embeddable":true,"href":"https:\/\/misionescuatro.com.ar\/index.php?rest_route=%2Fwp%2Fv2%2Fcomments&post=6510"}],"version-history":[{"count":1,"href":"https:\/\/misionescuatro.com.ar\/index.php?rest_route=\/wp\/v2\/posts\/6510\/revisions"}],"predecessor-version":[{"id":6512,"href":"https:\/\/misionescuatro.com.ar\/index.php?rest_route=\/wp\/v2\/posts\/6510\/revisions\/6512"}],"wp:featuredmedia":[{"embeddable":true,"href":"https:\/\/misionescuatro.com.ar\/index.php?rest_route=\/wp\/v2\/media\/6511"}],"wp:attachment":[{"href":"https:\/\/misionescuatro.com.ar\/index.php?rest_route=%2Fwp%2Fv2%2Fmedia&parent=6510"}],"wp:term":[{"taxonomy":"category","embeddable":true,"href":"https:\/\/misionescuatro.com.ar\/index.php?rest_route=%2Fwp%2Fv2%2Fcategories&post=6510"},{"taxonomy":"post_tag","embeddable":true,"href":"https:\/\/misionescuatro.com.ar\/index.php?rest_route=%2Fwp%2Fv2%2Ftags&post=6510"}],"curies":[{"name":"wp","href":"https:\/\/api.w.org\/{rel}","templated":true}]}}