{"id":6513,"date":"2020-07-08T15:05:40","date_gmt":"2020-07-08T15:05:40","guid":{"rendered":"http:\/\/misionescuatro.com.ar\/?p=6513"},"modified":"2024-12-27T15:43:36","modified_gmt":"2024-12-27T15:43:36","slug":"bolivia-imputaron-a-evo-morales-por-delito-de-terrorismo","status":"publish","type":"post","link":"https:\/\/misionescuatro.com.ar\/?p=6513","title":{"rendered":"Bolivia: imputaron a Evo Morales por delito de terrorismo"},"content":{"rendered":"\n<p><em><strong>La Fiscal\u00eda General de Bolivia volvi\u00f3 a reclamar la prisi\u00f3n preventiva del mandatario derrocado. Actualmente, est\u00e1 refugiado en la Argentina.<\/strong><\/em><\/p>\n\n\n\n<p>A casi nueve meses del golpe de Estado que dio por tierra con su gobierno, Evo Morales fue imputado por la Fiscal\u00eda General de Bolivia por los supuestos delitos de terrorismo y su financiamiento, que reclam\u00f3 nuevamente la prisi\u00f3n preventiva del exmandatario refugiado en la Argentina.<br><br>La imputaci\u00f3n formal contra Morales (2006-2019) es por \u00ablos delitos de Terrorismo y Financiamiento al Terrorismo por presuntamente haber coordinado\u00bb con un dirigente cocalero, por tel\u00e9fono, \u00abel bloqueo de alimentos y cerco a las ciudades capitales (cabeceras de regiones bolivianas) durante los conflictos de 2019\u00bb, inform\u00f3 la Fiscal\u00eda en un comunicado.<br><br>\u00c9sta es la segunda vez que la instituci\u00f3n judicial pide el arresto de Evo Morales. En diciembre hab\u00eda solicitado su detenci\u00f3n por sedici\u00f3n y terrorismo por los mismos hechos. Entonces, anunci\u00f3 que solicitar\u00eda su detenci\u00f3n a Interpol, pero el tr\u00e1mite no avanz\u00f3.<br><br>En febrero, la Fiscal\u00eda de Bolivia abri\u00f3 otra causa contra el exmandatario por supuesto fraude electoral, pero hasta ahora tampoco hubo avances. \u00abEn la resoluci\u00f3n de imputaci\u00f3n se solicita la detenci\u00f3n preventiva\u00bb de Evo Morales, que dimiti\u00f3 al cabo de 14 a\u00f1os tras intensas protestas en las calles por lo que la OEA calific\u00f3 de irregularidades en las elecciones de octubre de 2019, en las que buscaba un nuevo per\u00edodo hasta 2025.<br><br>Los fiscales basan su acusaci\u00f3n actual en pericias realizadas en Colombia. \u00abLas muestras tienen una alta probabilidad de identificaci\u00f3n de la voz del se\u00f1or Evo Morales Ayma\u00bb, seg\u00fan el comunicado. \u00abQue no entre comida a las ciudades, vamos a bloquear, cerco de verdad\u00bb, dice la voz en la supuesta llamada del exmandatario al dirigente cocalero Faustino Yucra Yarmi.<br><br>Al presentar la grabaci\u00f3n en noviembre, el ministro de Gobierno (Interior), Arturo Murillo, calific\u00f3 de \u00abcrimen de lesa humanidad\u00bb ordenar que \u00abno entre comida a las ciudades\u00bb. Entre octubre y noviembre, Bolivia atraves\u00f3 una convulsi\u00f3n en la que murieron 36 personas tras los comicios, que fueron anulados. El Tribunal Supremo Electoral llam\u00f3 a nuevas elecciones generales para el 3 de mayo, aplazadas al 6 de septiembre por la pandemia.<br><br>El candidato del Movimiento Al Socialismo (MAS), el partido de Evo Morales, el economista Luis Arce, encabeza los sondeos con el 33,3% de la intenci\u00f3n de voto, seguido del centrista Carlos Mesa, con el 18,3%. La presidenta \u00c1\u00f1ez marcha tercera, con el 16,9%, seg\u00fan encuestas de marzo. Desde su exilio, Morales denunci\u00f3 la semana pasada una \u00abestrategia judicial\u00bb del gobierno de facto para ilegalizar a su partido y sacar de la contienda electoral a Arce.<\/p>\n\n\n\n<p>agenciahoy.com<\/p>\n","protected":false},"excerpt":{"rendered":"<p>La Fiscal\u00eda General de Bolivia volvi\u00f3 a reclamar la prisi\u00f3n preventiva del mandatario derrocado. Actualmente, est\u00e1 refugiado en<\/p>\n","protected":false},"author":3,"featured_media":4448,"comment_status":"closed","ping_status":"closed","sticky":false,"template":"","format":"standard","meta":{"footnotes":""},"categories":[10],"tags":[],"class_list":["post-6513","post","type-post","status-publish","format-standard","has-post-thumbnail","hentry","category-internacionales"],"featured_image_urls":{"full":["https:\/\/misionescuatro.com.ar\/wp-content\/uploads\/2019\/11\/Evo-morales-.jpg",730,486,false],"thumbnail":["https:\/\/misionescuatro.com.ar\/wp-content\/uploads\/2019\/11\/Evo-morales--150x150.jpg",150,150,true],"medium":["https:\/\/misionescuatro.com.ar\/wp-content\/uploads\/2019\/11\/Evo-morales--300x200.jpg",300,200,true],"medium_large":["https:\/\/misionescuatro.com.ar\/wp-content\/uploads\/2019\/11\/Evo-morales-.jpg",640,426,false],"large":["https:\/\/misionescuatro.com.ar\/wp-content\/uploads\/2019\/11\/Evo-morales-.jpg",640,426,false],"1536x1536":["https:\/\/misionescuatro.com.ar\/wp-content\/uploads\/2019\/11\/Evo-morales-.jpg",730,486,false],"2048x2048":["https:\/\/misionescuatro.com.ar\/wp-content\/uploads\/2019\/11\/Evo-morales-.jpg",730,486,false],"wptouch-new-thumbnail":["https:\/\/misionescuatro.com.ar\/wp-content\/uploads\/2019\/11\/Evo-morales-.jpg",144,96,false],"morenews-featured":["https:\/\/misionescuatro.com.ar\/wp-content\/uploads\/2019\/11\/Evo-morales-.jpg",730,486,false],"morenews-large":["https:\/\/misionescuatro.com.ar\/wp-content\/uploads\/2019\/11\/Evo-morales-.jpg",730,486,false],"morenews-medium":["https:\/\/misionescuatro.com.ar\/wp-content\/uploads\/2019\/11\/Evo-morales-.jpg",590,393,false]},"author_info":{"info":["Admin"]},"category_info":"<a href=\"https:\/\/misionescuatro.com.ar\/?cat=10\" rel=\"category\">Internacionales<\/a>","tag_info":"Internacionales","comment_count":"0","_links":{"self":[{"href":"https:\/\/misionescuatro.com.ar\/index.php?rest_route=\/wp\/v2\/posts\/6513","targetHints":{"allow":["GET"]}}],"collection":[{"href":"https:\/\/misionescuatro.com.ar\/index.php?rest_route=\/wp\/v2\/posts"}],"about":[{"href":"https:\/\/misionescuatro.com.ar\/index.php?rest_route=\/wp\/v2\/types\/post"}],"author":[{"embeddable":true,"href":"https:\/\/misionescuatro.com.ar\/index.php?rest_route=\/wp\/v2\/users\/3"}],"replies":[{"embeddable":true,"href":"https:\/\/misionescuatro.com.ar\/index.php?rest_route=%2Fwp%2Fv2%2Fcomments&post=6513"}],"version-history":[{"count":1,"href":"https:\/\/misionescuatro.com.ar\/index.php?rest_route=\/wp\/v2\/posts\/6513\/revisions"}],"predecessor-version":[{"id":6514,"href":"https:\/\/misionescuatro.com.ar\/index.php?rest_route=\/wp\/v2\/posts\/6513\/revisions\/6514"}],"wp:featuredmedia":[{"embeddable":true,"href":"https:\/\/misionescuatro.com.ar\/index.php?rest_route=\/wp\/v2\/media\/4448"}],"wp:attachment":[{"href":"https:\/\/misionescuatro.com.ar\/index.php?rest_route=%2Fwp%2Fv2%2Fmedia&parent=6513"}],"wp:term":[{"taxonomy":"category","embeddable":true,"href":"https:\/\/misionescuatro.com.ar\/index.php?rest_route=%2Fwp%2Fv2%2Fcategories&post=6513"},{"taxonomy":"post_tag","embeddable":true,"href":"https:\/\/misionescuatro.com.ar\/index.php?rest_route=%2Fwp%2Fv2%2Ftags&post=6513"}],"curies":[{"name":"wp","href":"https:\/\/api.w.org\/{rel}","templated":true}]}}