{"id":6515,"date":"2020-07-08T15:25:50","date_gmt":"2020-07-08T15:25:50","guid":{"rendered":"http:\/\/misionescuatro.com.ar\/?p=6515"},"modified":"2024-12-27T15:43:36","modified_gmt":"2024-12-27T15:43:36","slug":"el-vicegobernador-carlos-arce-inauguro-direcciones-municipales-de-ninez-y-adolescencia","status":"publish","type":"post","link":"https:\/\/misionescuatro.com.ar\/?p=6515","title":{"rendered":"El vicegobernador Carlos Arce inaugur\u00f3 direcciones municipales de ni\u00f1ez y adolescencia"},"content":{"rendered":"\n<p>El Vicegobernador de Misiones,&nbsp;<strong>Dr. Carlos Omar Arce<\/strong>&nbsp;en representaci\u00f3n del&nbsp;<strong>Gobierno Provincial<\/strong>&nbsp;junto con el&nbsp;<strong>Defensor de los Derechos del Ni\u00f1o, Ni\u00f1a y Adolescentes Mgtr. Miguel \u00c1ngel Molina<\/strong>, autoridades provinciales y municipales, recorrieron e inauguraron&nbsp;<strong>Direcciones Municipales de Ni\u00f1ez y Adolescencia en Santo Pip\u00f3 y El Alc\u00e1zar.&nbsp;<\/strong><\/p>\n\n\n\n<p>\u00a0En el Marco de la reciente\u00a0<strong>Modificaci\u00f3n de la Ley Org\u00e1nica de Municipalidades (Ley XV N\u00ba 5)<\/strong>, que impulsa la creaci\u00f3n de \u00c1reas de Ni\u00f1ez y Adolescencia en todos los municipios de la provincia, el programa de\u00a0<strong>Fortalecimiento Institucional de la Defensor\u00eda de los derechos de Ni\u00f1os, Ni\u00f1as y Adolescentes<\/strong>\u00a0contin\u00faa impulsando estas instancias como parte imprescindible del\u00a0<strong>Sistema de Protecci\u00f3n Provincial.<\/strong><\/p>\n\n\n\n<p>Con un grupo reducido para garantizar las distancias requeridas en el marco del ASPO \u2013 Aislamiento Social Preventivo Obligatorio debido al&nbsp;<strong>covid-19<\/strong>, el Vicegobernador acompa\u00f1ado por las autoridades locales y provinciales visitaron a las El Alc\u00e1zar&nbsp; y estuvieron en Santo Pip\u00f3,&nbsp; para dejar as\u00ed inauguradas las&nbsp;<strong>Direcciones Municipales de Ni\u00f1ez y Adolescencia.<\/strong><\/p>\n\n\n\n<p>El Vicegobernador destac\u00f3 que: \u201c<em>Hoy el Alc\u00e1zar es el ejemplo y estamos haciendo historia, todav\u00eda nos quedan 75 municipios. Esto se llama articulaci\u00f3n de pol\u00edticas p\u00fablicas de estado, que est\u00e9n dos legisladores ac\u00e1 presente. Esta y muchas leyes marcan que tenemos una provincia pionera en muchas cosas, sobre todo cuando hay algo tan sensible para todos nosotros que es la Defensor\u00eda de los ni\u00f1os, ni\u00f1as y adolescentes. Esto va a hacer eficaz estamos en estos lugares donde se naturalizan muchas cosas, se naturalizan violaciones a los derechos del ni\u00f1o, el trabajo infantil, se naturaliza&nbsp; que ven al ni\u00f1o, la ni\u00f1a o adolescentes como un objeto y no como un sujeto. Ellos tienen su identidad, tienen sus derechos, tienen una independencia f\u00edsica mental y tienen sobre todo futuro, y el futuro hoy depende de nosotros, inmensamente feliz en estos tiempos dif\u00edciles que nos toca vivir y como dijo nuestro conductor ING. Carlos Rovira, Misiones est\u00e1 haciendo historia en esto y en otras cosas m\u00e1s , cuando las condiciones por ah\u00ed hacen que uno se quede quieto pero no paralizado, siempre respetando las normas sanitarias, es un orgullo pertenecer a un espacio pol\u00edtico que piensa y que sobre todo en los sectores m\u00e1s vulnerables<\/em>\u201d.<\/p>\n\n\n\n<p>Por su parte Miguel \u00c1ngel Molina indic\u00f3 que: \u201c<em>decirles que en la provincia de Misiones los derechos de los ni\u00f1os , ni\u00f1as y adolescentes adquieren la m\u00e1xima institucionalidad, a partir de la incorporaci\u00f3n de la ley org\u00e1nica en los municipios y una recomendaci\u00f3n de la comisi\u00f3n interamericana de derechos humanos es que las leyes que afectan los derechos de los ni\u00f1os tengan el m\u00e1ximo rango y es de m\u00e1xima institucionalidad porque al estar en vice gobernador, quiere decir que tambi\u00e9n est\u00e1 el Gobernador que es la m\u00e1xima autoridad del Ejecutivo en la provincia y es la se\u00f1al de que est\u00e1 la decisi\u00f3n pol\u00edtica desde el ejecutivo de atender la problem\u00e1tica de los ni\u00f1os, ni\u00f1as y adolescentes<\/em>\u201d.<\/p>\n\n\n\n<figure class=\"wp-block-image\"><a href=\"https:\/\/misionesonline.net\/2020\/07\/08\/el-vicegobernador-carlos-arce-inauguro-direcciones-municipales-de-ninez-y-adolescencia\/img-20200707-wa0068\/\"><img decoding=\"async\" src=\"https:\/\/static.misionesonline.news\/wp-content\/uploads\/2020\/07\/IMG-20200707-WA0068.jpg?w=711&amp;h=327\" alt=\"\"\/><\/a><\/figure>\n\n\n\n<p>Acompa\u00f1aron las inauguraciones el D<strong>iputado provincial H\u00e9ctor Ricardo \u201ckico\u201d Llera<\/strong>, la diputada provincial&nbsp;<strong>Soledad Balan<\/strong>, la intendente de&nbsp;<strong>Santo Pip\u00f3 Mabel C\u00e1ceres<\/strong>, entre otros funcionarios municipales.<\/p>\n\n\n\n<p>Mientras que a las 16:30 horas en la ciudad de&nbsp;<strong>Puerto Rico<\/strong>&nbsp;hicieron entrega de equipamiento a instituciones residenciales de cuidado alternativo: Hogares. Para garantizar que los Espacios residenciales de cuidado alternativo ofrezcan a cada ni\u00f1o y ni\u00f1a un entorno seguro y confortable<strong>. El Estado debe garantizar el derecho de cada ni\u00f1o, ni\u00f1a y adolescente a vivir en un ambiente sano y armonioso, en espacios donde le sea proporcionado cuidado y abrigo<\/strong>.&nbsp;<\/p>\n\n\n\n<figure class=\"wp-block-image\"><a href=\"https:\/\/misionesonline.net\/2020\/07\/08\/el-vicegobernador-carlos-arce-inauguro-direcciones-municipales-de-ninez-y-adolescencia\/img-20200707-wa0068-2\/\"><img decoding=\"async\" src=\"https:\/\/static.misionesonline.news\/wp-content\/uploads\/2020\/07\/IMG-20200707-WA0068-1.jpg?w=354&amp;h=163\" alt=\"\"\/><\/a><\/figure>\n\n\n\n<figure class=\"wp-block-image\"><a href=\"https:\/\/misionesonline.net\/2020\/07\/08\/el-vicegobernador-carlos-arce-inauguro-direcciones-municipales-de-ninez-y-adolescencia\/img-20200707-wa0067\/\"><img decoding=\"async\" src=\"https:\/\/static.misionesonline.news\/wp-content\/uploads\/2020\/07\/IMG-20200707-WA0067.jpg?w=353&amp;h=163\" alt=\"\"\/><\/a><\/figure>\n\n\n\n<p>\u201c<em>Visitar este hogar ac\u00e1 con 28 chicos que me comentaban que es\u00a0 un hogar de 30 a\u00f1os, con una historia muy rica para Puerto Rico. Visitar a los chicos fue muy grato y traerles algunas cosas fundamentales e importantes, con el programa de entrega de bebederos\u00a0 a los hogares\u00a0 circunstancialmente convivenciales para no solo darle el agua sino la cultura de beber agua tantos los ni\u00f1os como los adultos debemos beber mucha agua para nuestra salud y a su vez tambi\u00e9n entregar elementos de cocina, hornos, nebulizadores en esta \u00e9poca. Todo es \u00fatil pero principalmente estar y transmitir mucho afecto a los chicos, es un cari\u00f1o desde el gobierno\u201d<\/em>, indic\u00f3 el Vicegobernador de Misiones.<\/p>\n\n\n\n<p>misionesonline.net<\/p>\n","protected":false},"excerpt":{"rendered":"<p>El Vicegobernador de Misiones,&nbsp;Dr. Carlos Omar Arce&nbsp;en representaci\u00f3n del&nbsp;Gobierno Provincial&nbsp;junto con el&nbsp;Defensor de los Derechos del Ni\u00f1o, Ni\u00f1a<\/p>\n","protected":false},"author":3,"featured_media":5613,"comment_status":"closed","ping_status":"closed","sticky":false,"template":"","format":"standard","meta":{"footnotes":""},"categories":[14],"tags":[],"class_list":["post-6515","post","type-post","status-publish","format-standard","has-post-thumbnail","hentry","category-politica"],"featured_image_urls":{"full":["https:\/\/misionescuatro.com.ar\/wp-content\/uploads\/2020\/03\/Arce.jpg",400,400,false],"thumbnail":["https:\/\/misionescuatro.com.ar\/wp-content\/uploads\/2020\/03\/Arce-150x150.jpg",150,150,true],"medium":["https:\/\/misionescuatro.com.ar\/wp-content\/uploads\/2020\/03\/Arce-300x300.jpg",300,300,true],"medium_large":["https:\/\/misionescuatro.com.ar\/wp-content\/uploads\/2020\/03\/Arce.jpg",400,400,false],"large":["https:\/\/misionescuatro.com.ar\/wp-content\/uploads\/2020\/03\/Arce.jpg",400,400,false],"1536x1536":["https:\/\/misionescuatro.com.ar\/wp-content\/uploads\/2020\/03\/Arce.jpg",400,400,false],"2048x2048":["https:\/\/misionescuatro.com.ar\/wp-content\/uploads\/2020\/03\/Arce.jpg",400,400,false],"wptouch-new-thumbnail":["https:\/\/misionescuatro.com.ar\/wp-content\/uploads\/2020\/03\/Arce.jpg",144,144,false],"morenews-featured":["https:\/\/misionescuatro.com.ar\/wp-content\/uploads\/2020\/03\/Arce.jpg",400,400,false],"morenews-large":["https:\/\/misionescuatro.com.ar\/wp-content\/uploads\/2020\/03\/Arce.jpg",400,400,false],"morenews-medium":["https:\/\/misionescuatro.com.ar\/wp-content\/uploads\/2020\/03\/Arce.jpg",400,400,false]},"author_info":{"info":["Admin"]},"category_info":"<a href=\"https:\/\/misionescuatro.com.ar\/?cat=14\" rel=\"category\">Pol\u00edtica<\/a>","tag_info":"Pol\u00edtica","comment_count":"0","_links":{"self":[{"href":"https:\/\/misionescuatro.com.ar\/index.php?rest_route=\/wp\/v2\/posts\/6515","targetHints":{"allow":["GET"]}}],"collection":[{"href":"https:\/\/misionescuatro.com.ar\/index.php?rest_route=\/wp\/v2\/posts"}],"about":[{"href":"https:\/\/misionescuatro.com.ar\/index.php?rest_route=\/wp\/v2\/types\/post"}],"author":[{"embeddable":true,"href":"https:\/\/misionescuatro.com.ar\/index.php?rest_route=\/wp\/v2\/users\/3"}],"replies":[{"embeddable":true,"href":"https:\/\/misionescuatro.com.ar\/index.php?rest_route=%2Fwp%2Fv2%2Fcomments&post=6515"}],"version-history":[{"count":1,"href":"https:\/\/misionescuatro.com.ar\/index.php?rest_route=\/wp\/v2\/posts\/6515\/revisions"}],"predecessor-version":[{"id":6516,"href":"https:\/\/misionescuatro.com.ar\/index.php?rest_route=\/wp\/v2\/posts\/6515\/revisions\/6516"}],"wp:featuredmedia":[{"embeddable":true,"href":"https:\/\/misionescuatro.com.ar\/index.php?rest_route=\/wp\/v2\/media\/5613"}],"wp:attachment":[{"href":"https:\/\/misionescuatro.com.ar\/index.php?rest_route=%2Fwp%2Fv2%2Fmedia&parent=6515"}],"wp:term":[{"taxonomy":"category","embeddable":true,"href":"https:\/\/misionescuatro.com.ar\/index.php?rest_route=%2Fwp%2Fv2%2Fcategories&post=6515"},{"taxonomy":"post_tag","embeddable":true,"href":"https:\/\/misionescuatro.com.ar\/index.php?rest_route=%2Fwp%2Fv2%2Ftags&post=6515"}],"curies":[{"name":"wp","href":"https:\/\/api.w.org\/{rel}","templated":true}]}}