{"id":6534,"date":"2020-07-13T14:35:24","date_gmt":"2020-07-13T14:35:24","guid":{"rendered":"http:\/\/misionescuatro.com.ar\/?p=6534"},"modified":"2024-12-27T15:43:36","modified_gmt":"2024-12-27T15:43:36","slug":"por-que-se-celebra-hoy-el-dia-del-trabajador-de-la-energia-electrica","status":"publish","type":"post","link":"https:\/\/misionescuatro.com.ar\/?p=6534","title":{"rendered":"\u00bfPor qu\u00e9 se celebra hoy el D\u00eda del Trabajador de la Energ\u00eda El\u00e9ctrica?"},"content":{"rendered":"\n<p><em><strong>Este D\u00eda Nacional se trata de\u00a0una jornada de lucha por los derechos de los trabajadores de la energ\u00eda el\u00e9ctrica argentina.<\/strong><\/em><\/p>\n\n\n\n<figure class=\"wp-block-image\"><img decoding=\"async\" src=\"https:\/\/comunadepiamonte.files.wordpress.com\/2018\/07\/diadelingenieroelectrico-e1531488213963.png\" alt=\"D\u00eda del Trabajador de la Energ\u00eda El\u00e9ctrica \u2013 COMUNA DE PIAMONTE\"\/><\/figure>\n\n\n\n<p>Hoy es el\u00a0<strong>D\u00eda del Trabajador de la Energ\u00eda El\u00e9ctrica<\/strong>, celebrado en recuerdo a la creaci\u00f3n de la\u00a0<strong>Federaci\u00f3n Argentina de Trabajadores de Luz y Fuerza (FATLyF)<\/strong>, constituida el\u00a0<strong>13 de julio de 1948<\/strong>\u00a0con la participaci\u00f3n de 29 organizaciones gremiales.<\/p>\n\n\n\n<p>La fecha fue instituida un a\u00f1o despu\u00e9s, en agosto de 1949, cuando la entidad federativa consigue la&nbsp;<strong>personer\u00eda gremial<\/strong>&nbsp;y&nbsp;<strong>sesiona el primer congreso ordinario<\/strong>&nbsp;en la ciudad de Rosario. El 31 de agosto de ese a\u00f1o firman el primer&nbsp;<strong>Convenio Colectivo de Trabajo<\/strong>&nbsp;de alcance nacional con el sector el\u00e9ctrico y se instituye el 13 de julio como&nbsp;<strong>D\u00eda del Trabajador de la Electricidad.<\/strong><\/p>\n\n\n\n<p>Actualmente la Federaci\u00f3n Argentina de Trabajadores de Luz y Fuerza nuclea a 41 sindicatos de Luz y Fuerza, distribuidos en toda la Argentina con mas de 60 mil afiliados directos y alrededor de 280.000 indirectos.<\/p>\n\n\n\n<p>Desde MisionesOnline, saludamos cordialmente a todos aquellos profesionales que se dedican d\u00eda a d\u00eda a esta tan importante labor.<\/p>\n\n\n\n<p><em><strong>\u00a1Feliz D\u00eda del Trabajador de la Energ\u00eda El\u00e9ctrica!<\/strong><\/em><\/p>\n\n\n\n<p>Fuente: La Naci\u00f3n.<\/p>\n","protected":false},"excerpt":{"rendered":"<p>Este D\u00eda Nacional se trata de\u00a0una jornada de lucha por los derechos de los trabajadores de la energ\u00eda<\/p>\n","protected":false},"author":3,"featured_media":6535,"comment_status":"closed","ping_status":"closed","sticky":false,"template":"","format":"standard","meta":{"footnotes":""},"categories":[23],"tags":[],"class_list":["post-6534","post","type-post","status-publish","format-standard","has-post-thumbnail","hentry","category-ultimas-noticias"],"featured_image_urls":{"full":["https:\/\/misionescuatro.com.ar\/wp-content\/uploads\/2020\/07\/energia-electrica.jpg",488,240,false],"thumbnail":["https:\/\/misionescuatro.com.ar\/wp-content\/uploads\/2020\/07\/energia-electrica-150x150.jpg",150,150,true],"medium":["https:\/\/misionescuatro.com.ar\/wp-content\/uploads\/2020\/07\/energia-electrica-300x148.jpg",300,148,true],"medium_large":["https:\/\/misionescuatro.com.ar\/wp-content\/uploads\/2020\/07\/energia-electrica.jpg",488,240,false],"large":["https:\/\/misionescuatro.com.ar\/wp-content\/uploads\/2020\/07\/energia-electrica.jpg",488,240,false],"1536x1536":["https:\/\/misionescuatro.com.ar\/wp-content\/uploads\/2020\/07\/energia-electrica.jpg",488,240,false],"2048x2048":["https:\/\/misionescuatro.com.ar\/wp-content\/uploads\/2020\/07\/energia-electrica.jpg",488,240,false],"wptouch-new-thumbnail":["https:\/\/misionescuatro.com.ar\/wp-content\/uploads\/2020\/07\/energia-electrica.jpg",144,71,false],"morenews-featured":["https:\/\/misionescuatro.com.ar\/wp-content\/uploads\/2020\/07\/energia-electrica.jpg",488,240,false],"morenews-large":["https:\/\/misionescuatro.com.ar\/wp-content\/uploads\/2020\/07\/energia-electrica.jpg",488,240,false],"morenews-medium":["https:\/\/misionescuatro.com.ar\/wp-content\/uploads\/2020\/07\/energia-electrica.jpg",488,240,false]},"author_info":{"info":["Admin"]},"category_info":"<a href=\"https:\/\/misionescuatro.com.ar\/?cat=23\" rel=\"category\">Ultimas Noticias<\/a>","tag_info":"Ultimas Noticias","comment_count":"0","_links":{"self":[{"href":"https:\/\/misionescuatro.com.ar\/index.php?rest_route=\/wp\/v2\/posts\/6534","targetHints":{"allow":["GET"]}}],"collection":[{"href":"https:\/\/misionescuatro.com.ar\/index.php?rest_route=\/wp\/v2\/posts"}],"about":[{"href":"https:\/\/misionescuatro.com.ar\/index.php?rest_route=\/wp\/v2\/types\/post"}],"author":[{"embeddable":true,"href":"https:\/\/misionescuatro.com.ar\/index.php?rest_route=\/wp\/v2\/users\/3"}],"replies":[{"embeddable":true,"href":"https:\/\/misionescuatro.com.ar\/index.php?rest_route=%2Fwp%2Fv2%2Fcomments&post=6534"}],"version-history":[{"count":1,"href":"https:\/\/misionescuatro.com.ar\/index.php?rest_route=\/wp\/v2\/posts\/6534\/revisions"}],"predecessor-version":[{"id":6536,"href":"https:\/\/misionescuatro.com.ar\/index.php?rest_route=\/wp\/v2\/posts\/6534\/revisions\/6536"}],"wp:featuredmedia":[{"embeddable":true,"href":"https:\/\/misionescuatro.com.ar\/index.php?rest_route=\/wp\/v2\/media\/6535"}],"wp:attachment":[{"href":"https:\/\/misionescuatro.com.ar\/index.php?rest_route=%2Fwp%2Fv2%2Fmedia&parent=6534"}],"wp:term":[{"taxonomy":"category","embeddable":true,"href":"https:\/\/misionescuatro.com.ar\/index.php?rest_route=%2Fwp%2Fv2%2Fcategories&post=6534"},{"taxonomy":"post_tag","embeddable":true,"href":"https:\/\/misionescuatro.com.ar\/index.php?rest_route=%2Fwp%2Fv2%2Ftags&post=6534"}],"curies":[{"name":"wp","href":"https:\/\/api.w.org\/{rel}","templated":true}]}}