{"id":6537,"date":"2020-07-13T14:51:10","date_gmt":"2020-07-13T14:51:10","guid":{"rendered":"http:\/\/misionescuatro.com.ar\/?p=6537"},"modified":"2024-12-27T15:43:36","modified_gmt":"2024-12-27T15:43:36","slug":"frio-polar-y-heladas-para-manana-y-el-miercoles","status":"publish","type":"post","link":"https:\/\/misionescuatro.com.ar\/?p=6537","title":{"rendered":"Fr\u00edo polar y heladas para ma\u00f1ana y el mi\u00e9rcoles"},"content":{"rendered":"\n<p>El ingreso de aire fr\u00edo de origen polar provocar\u00e1 un descenso marcado de las temperaturas tanto m\u00ednimas como m\u00e1ximas; esta misma noche se sentir\u00e1n las m\u00ednimas de esta jornada. A\u00fan podr\u00edan registrarse chaparrones pasajeros esta tarde para el Sur y lluvias aisladas alternando con lloviznas para las dem\u00e1s zonas. Sobre el Nordeste de nuestra provincia (San Pedro-General Manuel Belgrano) es probable que haya algunos chaparrones fuertes en horas de la siesta. Las temperaturas m\u00e1s bajas son esperadas en la madrugada del mi\u00e9rcoles, con 2 y 5\u00b0 en toda la provincia, las heladas podr\u00edan afectar a los cultivos d\u00e9biles al fr\u00edo, por lo que se recomienda proteger dichas plantas. En invernaderos, usar calefactores para aumentar las temperaturas; tambi\u00e9n las bajas temperaturas afectar\u00edan plantas ornamentales. El fr\u00edo polar asociado a un sistema de alta presi\u00f3n quedar\u00e1 instalado hasta el jueves, luego se mover\u00e1 hacia el Atl\u00e1ntico cambiando el viento del sudeste al este. De esta manera se iniciar\u00eda un per\u00edodo c\u00e1lido y seco aumentando el riesgo de incendios en toda la provincia. A partir del pr\u00f3ximo fin de semana, los d\u00edas soleados ser\u00e1n el com\u00fan denominador del clima en Misiones y de toda la regi\u00f3n.<\/p>\n\n\n\n<p><strong>Pron\u00f3stico hasta el jueves<\/strong><\/p>\n\n\n\n<p><br><strong>Hoy<\/strong>: cielo nublado a cubierto, niebla y neblinas matinales, probables precipitaciones d\u00e9biles para el Sur y moderadas para el Norte hasta 10 mil\u00edmetros, se esperan vientos leves a moderados del sur. Las temperaturas m\u00ednimas en 8 y 16\u00b0 hacia la noche. Las temperaturas m\u00e1ximas en 19 y 24\u00b0C.<\/p>\n\n\n\n<p><strong>Ma\u00f1ana:<\/strong>&nbsp;cielo despejado para todas las zonas, probables heladas en zona Centro y parte de la zona Sur, se prev\u00e9 que el viento provenga del este alternando con el sudeste. Las temperaturas m\u00ednimas en 3 y 8\u00b0. Las temperaturas m\u00e1ximas en 14 y 20\u00b0.<\/p>\n\n\n\n<p><strong>Mi\u00e9rcoles:<\/strong>&nbsp;cielo despejado, nuevamente la madrugada ser\u00e1 fr\u00eda con alta probabilidad de heladas en toda la provincia, se esperan vientos leves del este cambiando al nordeste por la tarde. Las temperaturas m\u00ednimas en 2 y 5\u00b0. Las temperaturas m\u00e1ximas para este d\u00eda en 18 y 23\u00b0.<\/p>\n\n\n\n<p><strong>Jueves:<\/strong>&nbsp;cielo nublado para el Sur con tiempo inestable debido al pasaje de un frente fr\u00edo por el Sur de nuestra regi\u00f3n, estar\u00eda algo inestable. Las zonas Centro y Norte tendr\u00edan aumentos repentinos de la nubosidad, el viento cambiar\u00e1 del nordeste al sur y no habr\u00eda descenso en las temperaturas. Las m\u00ednimas previstas para este d\u00eda en 13 y 16\u00b0. Las temperaturas m\u00e1ximas en 20 y 24\u00b0.<\/p>\n\n\n\n<p><strong>Calor y viento norte<\/strong><\/p>\n\n\n\n<p>Desde el viernes pr\u00f3ximo pasaremos a un per\u00edodo con tiempo c\u00e1lido y seco, la humedad por las tardes estar\u00eda entre 20 y 30%, temperaturas m\u00ednimas entre 19 y 23\u00b0, las m\u00e1ximas superar\u00edan los 30\u00b0 en gran parte de la provincia y el viento norte\/nordeste tendr\u00eda r\u00e1fagas superiores a los 45 kil\u00f3metros por hora para el cercano fin de semana. Esta etapa de tiempo bueno, soleado y c\u00e1lido prevalecer\u00eda hasta el 24 de julio, aumentando el riesgo de siniestros forestales en la provincia, por lo que se recomienda ir realizando trabajos de cortafuego como calles internas en \u00e1reas propicias para la propagaci\u00f3n de incendios que puedan volverse incontrolables. Llega la \u00e9poca en que los agricultores realizan limpieza en las chacras y uno de los elementos que utilizan es el fuego para quemas de pastizales y\/o rozados para la siguiente plantaci\u00f3n anual. Este ser\u00eda el primer evento de clima seco que acrecentar\u00eda el riesgo de incendios y no se descarta que durante esta temporada se d\u00e9 la formaci\u00f3n del fen\u00f3meno de La Ni\u00f1a que afectar\u00eda mas al Norte de nuestra regi\u00f3n.<\/p>\n\n\n\n<p><strong>R\u00edos y arroyos con bajo caudal<\/strong><\/p>\n\n\n\n<p>Despu\u00e9s de quince d\u00edas con lluvias extraordinarias y eventos de tormentas severas que ocasionaron da\u00f1os importantes, inundaciones y crecidas en r\u00edos y arroyos, tendr\u00edamos un per\u00edodo de escasas lluvias en zonas de cuencas que afectar\u00edan a los afluentes del r\u00edo Iguaz\u00fa y el Uruguay con una disminuci\u00f3n notable para las pr\u00f3ximas semanas.<\/p>\n\n\n\n<p>El r\u00edo Paran\u00e1 en su cuenca a\u00fan sentir\u00e1 m\u00e1s la falta de lluvias y se vaticina en su trayecto por nuestra provincia una baja constante en lo restante del mes. En resumen: lluvias escasas o nulas en zonas de cuenca del Paran\u00e1 e insuficiente sobre las sierras Geral en Brasil (nacientes del r\u00edo Uruguay). Este panorama podr\u00eda repetirse en agosto pr\u00f3ximo. <\/p>\n\n\n\n<p>TERRITORIODIGITAL.COM<\/p>\n","protected":false},"excerpt":{"rendered":"<p>El ingreso de aire fr\u00edo de origen polar provocar\u00e1 un descenso marcado de las temperaturas tanto m\u00ednimas como<\/p>\n","protected":false},"author":3,"featured_media":6296,"comment_status":"closed","ping_status":"closed","sticky":false,"template":"","format":"standard","meta":{"footnotes":""},"categories":[23],"tags":[],"class_list":["post-6537","post","type-post","status-publish","format-standard","has-post-thumbnail","hentry","category-ultimas-noticias"],"featured_image_urls":{"full":["https:\/\/misionescuatro.com.ar\/wp-content\/uploads\/2020\/06\/fr\u00edo.jpg",943,581,false],"thumbnail":["https:\/\/misionescuatro.com.ar\/wp-content\/uploads\/2020\/06\/fr\u00edo-150x150.jpg",150,150,true],"medium":["https:\/\/misionescuatro.com.ar\/wp-content\/uploads\/2020\/06\/fr\u00edo-300x185.jpg",300,185,true],"medium_large":["https:\/\/misionescuatro.com.ar\/wp-content\/uploads\/2020\/06\/fr\u00edo-768x473.jpg",640,394,true],"large":["https:\/\/misionescuatro.com.ar\/wp-content\/uploads\/2020\/06\/fr\u00edo.jpg",640,394,false],"1536x1536":["https:\/\/misionescuatro.com.ar\/wp-content\/uploads\/2020\/06\/fr\u00edo.jpg",943,581,false],"2048x2048":["https:\/\/misionescuatro.com.ar\/wp-content\/uploads\/2020\/06\/fr\u00edo.jpg",943,581,false],"wptouch-new-thumbnail":["https:\/\/misionescuatro.com.ar\/wp-content\/uploads\/2020\/06\/fr\u00edo.jpg",144,89,false],"morenews-featured":["https:\/\/misionescuatro.com.ar\/wp-content\/uploads\/2020\/06\/fr\u00edo.jpg",943,581,false],"morenews-large":["https:\/\/misionescuatro.com.ar\/wp-content\/uploads\/2020\/06\/fr\u00edo.jpg",825,508,false],"morenews-medium":["https:\/\/misionescuatro.com.ar\/wp-content\/uploads\/2020\/06\/fr\u00edo.jpg",590,364,false]},"author_info":{"info":["Admin"]},"category_info":"<a href=\"https:\/\/misionescuatro.com.ar\/?cat=23\" rel=\"category\">Ultimas Noticias<\/a>","tag_info":"Ultimas Noticias","comment_count":"0","_links":{"self":[{"href":"https:\/\/misionescuatro.com.ar\/index.php?rest_route=\/wp\/v2\/posts\/6537","targetHints":{"allow":["GET"]}}],"collection":[{"href":"https:\/\/misionescuatro.com.ar\/index.php?rest_route=\/wp\/v2\/posts"}],"about":[{"href":"https:\/\/misionescuatro.com.ar\/index.php?rest_route=\/wp\/v2\/types\/post"}],"author":[{"embeddable":true,"href":"https:\/\/misionescuatro.com.ar\/index.php?rest_route=\/wp\/v2\/users\/3"}],"replies":[{"embeddable":true,"href":"https:\/\/misionescuatro.com.ar\/index.php?rest_route=%2Fwp%2Fv2%2Fcomments&post=6537"}],"version-history":[{"count":1,"href":"https:\/\/misionescuatro.com.ar\/index.php?rest_route=\/wp\/v2\/posts\/6537\/revisions"}],"predecessor-version":[{"id":6538,"href":"https:\/\/misionescuatro.com.ar\/index.php?rest_route=\/wp\/v2\/posts\/6537\/revisions\/6538"}],"wp:featuredmedia":[{"embeddable":true,"href":"https:\/\/misionescuatro.com.ar\/index.php?rest_route=\/wp\/v2\/media\/6296"}],"wp:attachment":[{"href":"https:\/\/misionescuatro.com.ar\/index.php?rest_route=%2Fwp%2Fv2%2Fmedia&parent=6537"}],"wp:term":[{"taxonomy":"category","embeddable":true,"href":"https:\/\/misionescuatro.com.ar\/index.php?rest_route=%2Fwp%2Fv2%2Fcategories&post=6537"},{"taxonomy":"post_tag","embeddable":true,"href":"https:\/\/misionescuatro.com.ar\/index.php?rest_route=%2Fwp%2Fv2%2Ftags&post=6537"}],"curies":[{"name":"wp","href":"https:\/\/api.w.org\/{rel}","templated":true}]}}