{"id":6548,"date":"2020-07-13T15:29:18","date_gmt":"2020-07-13T15:29:18","guid":{"rendered":"http:\/\/misionescuatro.com.ar\/?p=6548"},"modified":"2024-12-27T15:43:36","modified_gmt":"2024-12-27T15:43:36","slug":"herrera-ahuad-afirmo-que-las-clases-volveran-en-la-provincia-cuando-haya-menos-riesgo-de-enfermarse","status":"publish","type":"post","link":"https:\/\/misionescuatro.com.ar\/?p=6548","title":{"rendered":"Herrera Ahuad afirm\u00f3 que las clases volver\u00e1n en la provincia cuando haya menos riesgo de enfermarse"},"content":{"rendered":"\n<p>Para todos los niveles educativos (inicial, primaria, secundaria, terciarios o el universitario), la provincia de Misiones no decidi\u00f3 la fecha que fijar\u00e1 el regreso de las clases presenciales, tras el receso invernal. El gobernador Oscar Herrera Ahuad sostuvo en&nbsp;FM de las Misiones 89.3&nbsp;que&nbsp;esa decisi\u00f3n se adoptar\u00e1 con el Comit\u00e9 de Crisis que integran m\u00e9dicos, epidemi\u00f3logos, funcionarios de distintos ministerios y que \u00e9l encabeza.<\/p>\n\n\n\n<p>Dej\u00f3 en claro que agosto es una fecha que la Naci\u00f3n propone a las provincias menos complicadas en materia sanitaria, pero cada jurisdicci\u00f3n tomar\u00e1 su propia determinaci\u00f3n.&nbsp;De hecho, record\u00f3 que al inicio de la pandemia suspendi\u00f3 el ciclo lectivo cuando en la Naci\u00f3n ped\u00edan a las provincias no hacerlo y luego, desde la Casa Rosada, siguieron el mismo camino que Misiones.<\/p>\n\n\n\n<p>\u201cEl haber suspendido las clases fue una decisi\u00f3n pol\u00edtica, no fue una decisi\u00f3n cient\u00edfica, acompa\u00f1ado por todo el esquema pol\u00edtico del Gobierno (Asesores, Ministros) y el Presidente de la C\u00e1mara.<\/p>\n\n\n\n<p>Transcurrido todo este tiempo, fuimos entendiendo que la mam\u00e1, el pap\u00e1, la maestra y el maestro deben tener certezas cuando vuelvan a las aulas.&nbsp;Deben tener seguridad epidemiol\u00f3gica y deben saber que van a un lugar donde tienen menos posibilidades de enfermarse, no que van a un lugar donde tienen grandes posibilidades de enfermarse.&nbsp;Para ello, en la provincia hemos conformado un equipo de trabajo que ya ven\u00eda haci\u00e9ndolo con nosotros en el Comit\u00e9 de Crisis que est\u00e1 integrado por cient\u00edfico, m\u00e9dicos, profesionales con una gran formaci\u00f3n acad\u00e9mico-cient\u00edfica, infect\u00f3logos del \u00e1rea sanitaria, el vicegobernador de la provincia Carlos Arce, el equipo de Educaci\u00f3n, entre otros. En conjunto, con la realidad epidemiol\u00f3gica que vive la regi\u00f3n y que vive la provincia, midiendo la potencialidad -porque esto se mide en curvas y en par\u00e1metros epidemiol\u00f3gicos-, vamos a tomar la decisi\u00f3n\u201d, explic\u00f3 el mandatario.<\/p>\n\n\n\n<p>Lo supedit\u00f3 a \u201ccuando los ni\u00f1os misioneros, las maestras y los maestros misioneros tengan el menor riesgo posible de enfermarse si van a un aula a compartir, para comenzar las clases. Por lo tanto, la decisi\u00f3n va a estar en manos de todos, va a estar en manos de la seguridad sanitaria que podamos transmitirle a nuestros alumnos y a nuestros docentes\u201d.<\/p>\n\n\n\n<p>\u201cMisiones hoy est\u00e1 trabajando no en los protocolos, porque los protocolos pueden estar y puedo tener un hermoso protocolo, pero si es otra la realidad epidemiol\u00f3gica y alguien con alto contenido cient\u00edfico me dice \u2018mire Gobernador: si los chicos van a la escuela tenemos un aumento de gente en los colectivos, los transportes escolares y en el aula misma\u2019 y nosotros podemos tener riesgo, yo a una mam\u00e1 no le puedo decir \u2018ll\u00e9velo lo mismo, total el chico no se enferma\u2019. No, tengo que darle seguridad. Entonces, cuando tengamos la certeza de esto vamos a ser los primeros en decirles a las madres y a los maestros que podemos volver a la escuela. Mientras tanto vamos a trabajar mucho en eso\u201d, dijo.<\/p>\n\n\n\n<p>Respecto al pedido de porteros, ratific\u00f3 que pidi\u00f3 al ministro de Educaci\u00f3n Miguel Sedoff y al presidente del Consejo de Educaci\u00f3n Juan Alberto Galarza un esquema para garantizar la presencia del personal de mantenimiento.<\/p>\n\n\n\n<p>Respecto a una supuesta exigencia de que los ni\u00f1os y docentes deban vacunarse con la antigripal para regresar a las clases, lo neg\u00f3 al decir que&nbsp;\u201ces una vacuna estacional que est\u00e1 determinada para grupos de riesgo.&nbsp;Si bien en Misiones pudimos hacer una vacunaci\u00f3n muy importante en cuanto a n\u00famero de alcanzados, est\u00e1 determinada para grupos de riesgo: los mayores de 65 a\u00f1os, personas con enfermedades intercurrentes, con alguna enfermedad de base o el personal de salud, el de seguridad, los que trabajen en ambientes cerrados. Pero no necesariamente deber\u00e1n estar vacunados con la antigripal para ir a la escuela\u201d<\/p>\n\n\n\n<p><strong>\u201cNo hay nada ganado en materia epidemiol\u00f3gica\u201d<\/strong><\/p>\n\n\n\n<p>Para Oscar Herrera Ahuad, la situaci\u00f3n epidemiol\u00f3gica de Misiones no se define por el tr\u00e1nsito de fases. El Gobernador sostuvo que la provincia est\u00e1 en una \u201csituaci\u00f3n de mucho equilibrio\u201d entre la salud y la econom\u00eda en esta etapa de la pandemia de Coronavirus COVID-19.<\/p>\n\n\n\n<p>En su reciente visita a FM de las Misiones 89.3, la radio de Primera Edici\u00f3n, asegur\u00f3 que \u201cdebemos seguir trabajando con mucha responsabilidad social. Ac\u00e1 no hay nada ganado en materia epidemiol\u00f3gica, estamos en el camino de llevar una cuesti\u00f3n equilibrada entre la salud y la econom\u00eda y, en eso, el pueblo misionero nos tiene que ayudar a cuidar la econom\u00eda como la venimos cuidando. Y cuidar celosamente la salud como lo venimos haciendo\u201d.<\/p>\n\n\n\n<p>\u201cEs un delicado equilibrio que requiere de pensar, de mirar, de no apurarse y de trabajar mucho. De estar todo el d\u00eda arriba de lo que va surgiendo, de tener los cinco sentidos manifiestos las 24 horas. Tiempo que se pierde en esta etapa, puede impactar en alg\u00fan lugar y no quiero que alg\u00fan misionero se sienta desprotegido y desamparado\u201d, sigui\u00f3.<\/p>\n\n\n\n<p>Al advertir que la lucha contra el COVID-19 no termin\u00f3, algo que algunos misioneros pueden llegar a percibir por la flexibilizaci\u00f3n de actividades laborales, sociales y deportivas, sostuvo: \u201cTampoco quiero que levantemos una bandera que todav\u00eda no la tenemos en alto. Esta pandemia es compleja y dif\u00edcil. Como provincia no hemos salido de ning\u00fan lugar, lo \u00fanico que hicimos fue equilibrar las cosas para que el misionero pueda tener actividad econ\u00f3mica, actividad recreativa, actividad institucional medianamente como cada uno lo quiere tener\u201d.<\/p>\n\n\n\n<p>\u201cSeguramente la medicina y la ciencia van a seguir progresando en los pr\u00f3ximos meses para darnos, con el advenimiento de una vacuna, esa normalidad a la que toda la sociedad quiere llegar: la normalidad de la convivencia, de poder caminar juntos, de ir a un espect\u00e1culo, de tomar un mate. Eso se podr\u00e1 ir dando m\u00e1s adelante con el tiempo, pero hoy estamos en una situaci\u00f3n de equilibrio, de mucho equilibrio que debe perdurar para que podamos transitar los tiempos m\u00e1s dif\u00edciles de la pandemia\u201d, agreg\u00f3.<\/p>\n\n\n\n<p><strong>Contexto geogr\u00e1fico complejo<\/strong><\/p>\n\n\n\n<p>El gobernador Herrera Ahuad record\u00f3 que epidemiol\u00f3gicamente Misiones tiene \u201cun contexto regional, en lo que respecta a la circulaci\u00f3n viral, muy complejo porque la notificaci\u00f3n de casos constantemente de los pa\u00edses vecinos, Brasil y Paraguay, fundamentalmente Brasil, genera una cuesti\u00f3n de alerta en todas las fronteras para poder individualizar a aquellas personas que puedan ser portadoras de esta enfermedad\u201d.<\/p>\n\n\n\n<p>En esa misma l\u00ednea advirti\u00f3 que \u201ctambi\u00e9n nosotros tenemos la gente que viene de otros lugares, fundamentalmente de Buenos Aires, el lugar donde la gente m\u00e1s va y m\u00e1s vuelve. Ahora, con el hecho de la \u00faltima cuarentena en el AMBA (que endureci\u00f3 el aislamiento), ha disminuido mucho la gente que ha llegado a Misiones\u201d.<\/p>\n\n\n\n<p>\u201cPero tambi\u00e9n nos abastecemos de otros lugares del NEA, por ejemplo del Chaco. Entonces, estamos en un contexto de una revisi\u00f3n constante en materia sanitaria, por eso es importante entender que las medidas que uno va focalizando deben ir siendo medidas\u201d en efectividad e impacto sanitario.<\/p>\n\n\n\n<p>Revel\u00f3 que \u201cel resultado de la lectura de la movilizaci\u00f3n de las 40 mil personas durante el D\u00eda del Padre en la zona del Gran Posadas lo hemos tenido esta semana y ha sido un impacto sanitario aceptable, sin la aparici\u00f3n de casos en la provincia. Eso alent\u00f3 a que este fin de semana podamos focalizar la actividad en un Parque Nacional (Iguaz\u00fa) y la apertura de la pr\u00e1ctica de m\u00e1s deportes\u201d., se\u00f1al\u00f3 Herrera Ahuad<\/p>\n\n\n\n<p>En ese marco, insisti\u00f3 en que cada decisi\u00f3n pol\u00edtica de excepci\u00f3n a una actividad \u201ctiene que ser medida en t\u00e9rminos cuantitativos, por eso a veces cuando hablo con personas que todav\u00eda no tienen focalizada su actividad o hecha su apertura, les digo que debemos tener mucho cuidado porque cada apertura que vamos teniendo la vamos trazando. Sabemos cu\u00e1nta gente se moviliza y, a los siete o diez d\u00edas, medimos el impacto sanitario\u201d.<\/p>\n\n\n\n<p><strong>El concepto de circulaci\u00f3n viral<\/strong><\/p>\n\n\n\n<p>Para Oscar Herrera Ahuad \u201cel concepto de circulaci\u00f3n viral es t\u00e9cnico, porque estamos en pandemia y el virus puede aparecer en cualquier lado, sino, no ser\u00eda una pandemia, ser\u00eda un brote epid\u00e9mico en un lugar determinado\u201c.<\/p>\n\n\n\n<p>\u201cEl concepto de circulaci\u00f3n viral es muy t\u00e9cnico y no permite tomar ninguna decisi\u00f3n porque, cuando dicen estamos en pandemia, significa que de Wuhan a Misiones puede llegar en 24 horas; que de Florian\u00f3polis a Eldorado puede llegar en dos d\u00edas. \u00c9se es el concepto de pandemia y de la capacidad que tiene el virus de contagiar r\u00e1pidamente, a\u00fan por algunos tipos de contagios que ni siquiera est\u00e1n descriptos\u201d.<\/p>\n\n\n\n<p>Fuente: Primera Edici\u00f3n<\/p>\n","protected":false},"excerpt":{"rendered":"<p>Para todos los niveles educativos (inicial, primaria, secundaria, terciarios o el universitario), la provincia de Misiones no decidi\u00f3<\/p>\n","protected":false},"author":3,"featured_media":4355,"comment_status":"closed","ping_status":"closed","sticky":false,"template":"","format":"standard","meta":{"footnotes":""},"categories":[23],"tags":[],"class_list":["post-6548","post","type-post","status-publish","format-standard","has-post-thumbnail","hentry","category-ultimas-noticias"],"featured_image_urls":{"full":["https:\/\/misionescuatro.com.ar\/wp-content\/uploads\/2019\/11\/GOBERNADOR.jpg",800,533,false],"thumbnail":["https:\/\/misionescuatro.com.ar\/wp-content\/uploads\/2019\/11\/GOBERNADOR-150x150.jpg",150,150,true],"medium":["https:\/\/misionescuatro.com.ar\/wp-content\/uploads\/2019\/11\/GOBERNADOR-300x200.jpg",300,200,true],"medium_large":["https:\/\/misionescuatro.com.ar\/wp-content\/uploads\/2019\/11\/GOBERNADOR-768x512.jpg",640,427,true],"large":["https:\/\/misionescuatro.com.ar\/wp-content\/uploads\/2019\/11\/GOBERNADOR.jpg",640,426,false],"1536x1536":["https:\/\/misionescuatro.com.ar\/wp-content\/uploads\/2019\/11\/GOBERNADOR.jpg",800,533,false],"2048x2048":["https:\/\/misionescuatro.com.ar\/wp-content\/uploads\/2019\/11\/GOBERNADOR.jpg",800,533,false],"wptouch-new-thumbnail":["https:\/\/misionescuatro.com.ar\/wp-content\/uploads\/2019\/11\/GOBERNADOR.jpg",144,96,false],"morenews-featured":["https:\/\/misionescuatro.com.ar\/wp-content\/uploads\/2019\/11\/GOBERNADOR.jpg",800,533,false],"morenews-large":["https:\/\/misionescuatro.com.ar\/wp-content\/uploads\/2019\/11\/GOBERNADOR.jpg",800,533,false],"morenews-medium":["https:\/\/misionescuatro.com.ar\/wp-content\/uploads\/2019\/11\/GOBERNADOR.jpg",590,393,false]},"author_info":{"info":["Admin"]},"category_info":"<a href=\"https:\/\/misionescuatro.com.ar\/?cat=23\" rel=\"category\">Ultimas Noticias<\/a>","tag_info":"Ultimas Noticias","comment_count":"0","_links":{"self":[{"href":"https:\/\/misionescuatro.com.ar\/index.php?rest_route=\/wp\/v2\/posts\/6548","targetHints":{"allow":["GET"]}}],"collection":[{"href":"https:\/\/misionescuatro.com.ar\/index.php?rest_route=\/wp\/v2\/posts"}],"about":[{"href":"https:\/\/misionescuatro.com.ar\/index.php?rest_route=\/wp\/v2\/types\/post"}],"author":[{"embeddable":true,"href":"https:\/\/misionescuatro.com.ar\/index.php?rest_route=\/wp\/v2\/users\/3"}],"replies":[{"embeddable":true,"href":"https:\/\/misionescuatro.com.ar\/index.php?rest_route=%2Fwp%2Fv2%2Fcomments&post=6548"}],"version-history":[{"count":1,"href":"https:\/\/misionescuatro.com.ar\/index.php?rest_route=\/wp\/v2\/posts\/6548\/revisions"}],"predecessor-version":[{"id":6549,"href":"https:\/\/misionescuatro.com.ar\/index.php?rest_route=\/wp\/v2\/posts\/6548\/revisions\/6549"}],"wp:featuredmedia":[{"embeddable":true,"href":"https:\/\/misionescuatro.com.ar\/index.php?rest_route=\/wp\/v2\/media\/4355"}],"wp:attachment":[{"href":"https:\/\/misionescuatro.com.ar\/index.php?rest_route=%2Fwp%2Fv2%2Fmedia&parent=6548"}],"wp:term":[{"taxonomy":"category","embeddable":true,"href":"https:\/\/misionescuatro.com.ar\/index.php?rest_route=%2Fwp%2Fv2%2Fcategories&post=6548"},{"taxonomy":"post_tag","embeddable":true,"href":"https:\/\/misionescuatro.com.ar\/index.php?rest_route=%2Fwp%2Fv2%2Ftags&post=6548"}],"curies":[{"name":"wp","href":"https:\/\/api.w.org\/{rel}","templated":true}]}}