{"id":6556,"date":"2020-07-14T15:01:41","date_gmt":"2020-07-14T15:01:41","guid":{"rendered":"http:\/\/misionescuatro.com.ar\/?p=6556"},"modified":"2024-12-27T15:43:36","modified_gmt":"2024-12-27T15:43:36","slug":"conmebol-aceptaria-una-pequena-postergacion-para-clubes-argentinos","status":"publish","type":"post","link":"https:\/\/misionescuatro.com.ar\/?p=6556","title":{"rendered":"Conmebol aceptar\u00eda una peque\u00f1a postergaci\u00f3n para clubes argentinos"},"content":{"rendered":"\n<p>El presidente de Racing, V\u00edctor Blanco, confirm\u00f3 anoche que la Conmebol acept\u00f3 correr dos d\u00edas la fecha estipulada para la reanudaci\u00f3n de la Copa Libertadores 2020, desde el martes 15 hasta el jueves 17 de septiembre, solamente para los representantes argentinos.<\/p>\n\n\n\n<p>Blanco afirm\u00f3 que su instituci\u00f3n particip\u00f3 del reclamo conjunto en ese sentido que, a trav\u00e9s de una nota dirigida a la AFA con traslado al m\u00e1ximo organismo sudamericano, realizaron Boca, River, Defensa y Justicia y Tigre.<\/p>\n\n\n\n<p>El pedido en cuesti\u00f3n tiene como argumento la necesidad de que los equipos argentinos deben tener unos dos meses de entrenamientos antes de volver a competir, y por eso solicitaron que Conmebol les permitiera a estos cinco equipos empezar a jugar una semana m\u00e1s tarde que el resto, algo que no fue aceptado por la Confederaci\u00f3n que preside el paraguayo Alejandro Dom\u00ednguez, que apenas permiti\u00f3 que lo hagan 48 horas m\u00e1s tarde del plazo original.<\/p>\n\n\n\n<p><br>\u00abRacing, como los otros cuatro clubes argentinos que juegan Libertadores. le pidi\u00f3 a la AFA que le solicite a Conmebol el retraso del inicio de la Copa por una semana o 10 d\u00edas, pero solamente logramos que lo hiciera del 15 al 18 de septiembre (N de R: por 17 de septiembre)\u00bb, ratific\u00f3 a\u00a0<em>DirecTV\u00a0<\/em>el presidente acad\u00e9mico.<br>\u00abPero tambi\u00e9n pensamos que los equipos que participamos de la Libertadores deber\u00edamos empezar a entrenar 10 d\u00edas antes que el resto de los argentinos, para no tener tanta desventaja con los otros de Sudam\u00e9rica que competir\u00e1n con nosotros\u00bb, advirti\u00f3.<br>Y al referirse al Ministro de Salud, reconocido hincha de Racing, remarc\u00f3 que \u00abGin\u00e9s (Gonz\u00e1lez Garc\u00eda) es un amigo y pondr\u00e1 lo mejor de \u00e9l para facilitar la vuelta a los entrenamientos. Por eso quedamos en hablar el pr\u00f3ximo viernes 17, para definir la vuelta de las pr\u00e1cticas\u00bb.\u00a0<\/p>\n\n\n\n<p>\u00abLo que s\u00ed est\u00e1 claro es que nosotros queremos jugar en nuestro estadio los partidos de la Copa Libertadores\u00bb, remarc\u00f3 respecto del primer partido del retorno, tercero de la fase de grupos, frente a Nacional de Montevideo\u200b, el otro puntero de la Zona F con seis unidades. <\/p>\n\n\n\n<p>territoriodigital.com<\/p>\n","protected":false},"excerpt":{"rendered":"<p>El presidente de Racing, V\u00edctor Blanco, confirm\u00f3 anoche que la Conmebol acept\u00f3 correr dos d\u00edas la fecha estipulada<\/p>\n","protected":false},"author":3,"featured_media":6557,"comment_status":"closed","ping_status":"closed","sticky":false,"template":"","format":"standard","meta":{"footnotes":""},"categories":[4],"tags":[],"class_list":["post-6556","post","type-post","status-publish","format-standard","has-post-thumbnail","hentry","category-deportes"],"featured_image_urls":{"full":["https:\/\/misionescuatro.com.ar\/wp-content\/uploads\/2020\/07\/conmebol.jpg",810,609,false],"thumbnail":["https:\/\/misionescuatro.com.ar\/wp-content\/uploads\/2020\/07\/conmebol-150x150.jpg",150,150,true],"medium":["https:\/\/misionescuatro.com.ar\/wp-content\/uploads\/2020\/07\/conmebol-300x226.jpg",300,226,true],"medium_large":["https:\/\/misionescuatro.com.ar\/wp-content\/uploads\/2020\/07\/conmebol-768x577.jpg",640,481,true],"large":["https:\/\/misionescuatro.com.ar\/wp-content\/uploads\/2020\/07\/conmebol.jpg",640,481,false],"1536x1536":["https:\/\/misionescuatro.com.ar\/wp-content\/uploads\/2020\/07\/conmebol.jpg",810,609,false],"2048x2048":["https:\/\/misionescuatro.com.ar\/wp-content\/uploads\/2020\/07\/conmebol.jpg",810,609,false],"wptouch-new-thumbnail":["https:\/\/misionescuatro.com.ar\/wp-content\/uploads\/2020\/07\/conmebol.jpg",144,108,false],"morenews-featured":["https:\/\/misionescuatro.com.ar\/wp-content\/uploads\/2020\/07\/conmebol.jpg",810,609,false],"morenews-large":["https:\/\/misionescuatro.com.ar\/wp-content\/uploads\/2020\/07\/conmebol.jpg",765,575,false],"morenews-medium":["https:\/\/misionescuatro.com.ar\/wp-content\/uploads\/2020\/07\/conmebol.jpg",545,410,false]},"author_info":{"info":["Admin"]},"category_info":"<a href=\"https:\/\/misionescuatro.com.ar\/?cat=4\" rel=\"category\">Deportes<\/a>","tag_info":"Deportes","comment_count":"0","_links":{"self":[{"href":"https:\/\/misionescuatro.com.ar\/index.php?rest_route=\/wp\/v2\/posts\/6556","targetHints":{"allow":["GET"]}}],"collection":[{"href":"https:\/\/misionescuatro.com.ar\/index.php?rest_route=\/wp\/v2\/posts"}],"about":[{"href":"https:\/\/misionescuatro.com.ar\/index.php?rest_route=\/wp\/v2\/types\/post"}],"author":[{"embeddable":true,"href":"https:\/\/misionescuatro.com.ar\/index.php?rest_route=\/wp\/v2\/users\/3"}],"replies":[{"embeddable":true,"href":"https:\/\/misionescuatro.com.ar\/index.php?rest_route=%2Fwp%2Fv2%2Fcomments&post=6556"}],"version-history":[{"count":1,"href":"https:\/\/misionescuatro.com.ar\/index.php?rest_route=\/wp\/v2\/posts\/6556\/revisions"}],"predecessor-version":[{"id":6558,"href":"https:\/\/misionescuatro.com.ar\/index.php?rest_route=\/wp\/v2\/posts\/6556\/revisions\/6558"}],"wp:featuredmedia":[{"embeddable":true,"href":"https:\/\/misionescuatro.com.ar\/index.php?rest_route=\/wp\/v2\/media\/6557"}],"wp:attachment":[{"href":"https:\/\/misionescuatro.com.ar\/index.php?rest_route=%2Fwp%2Fv2%2Fmedia&parent=6556"}],"wp:term":[{"taxonomy":"category","embeddable":true,"href":"https:\/\/misionescuatro.com.ar\/index.php?rest_route=%2Fwp%2Fv2%2Fcategories&post=6556"},{"taxonomy":"post_tag","embeddable":true,"href":"https:\/\/misionescuatro.com.ar\/index.php?rest_route=%2Fwp%2Fv2%2Ftags&post=6556"}],"curies":[{"name":"wp","href":"https:\/\/api.w.org\/{rel}","templated":true}]}}