{"id":6974,"date":"2020-08-12T14:08:24","date_gmt":"2020-08-12T14:08:24","guid":{"rendered":"http:\/\/misionescuatro.com.ar\/?p=6974"},"modified":"2024-12-27T15:43:29","modified_gmt":"2024-12-27T15:43:29","slug":"efecto-coronavirus-hay-un-millon-de-nuevos-desocupados-en-argentina-segun-informe-de-la-uca","status":"publish","type":"post","link":"https:\/\/misionescuatro.com.ar\/?p=6974","title":{"rendered":"Efecto coronavirus: hay un mill\u00f3n de nuevos desocupados en Argentina, seg\u00fan informe de la UCA"},"content":{"rendered":"\n<p>A partir de informaci\u00f3n oficial del Indec y los datos del Sistema Integrado Previsional Argentino (SIPA), desde el Observatorio de la Deuda Social Argentina estiman que como resultado de la crisis provocada por la pandemia de&nbsp;coronavirus,&nbsp;la tasa de desocupaci\u00f3n ascendi\u00f3 de 10,4% en el primer trimestre del a\u00f1o a valores cercanos al 15,5% en el segundo trimestre (abril, mayo y junio).<\/p>\n\n\n\n<p>Este incremento de 10,4% a 15,5% habr\u00eda generado un aumento en la cantidad absoluta de desocupados de 2,2 millones a 3,3 millones. Se trata de 1.090.000 desocupados m\u00e1s, bajo el supuesto de una tasa de actividad sin cambios (47,1%). Las cifras son proyectadas para un total de poblaci\u00f3n econ\u00f3micamente activa de 19 millones de personas.<\/p>\n\n\n\n<p>En su mayor parte, seg\u00fan destacaron desde la UCA, se trata de trabajadores que perdieron su empleo durante la crisis del coronavirus \u2014unos 950.000 trabajadores\u2014, aunque una parte de ellos habr\u00edan sido nuevos desocupados o ingresos al mercado de trabajo.<\/p>\n\n\n\n<p>El Observatorio de la Deuda Social de la UCA tambi\u00e9n estim\u00f3 que cerca de un tercio de estos trabajadores (300.000) habr\u00edan tenido como fuente de empleo un trabajo formal, asalariado o aut\u00f3nomo. Pero la mayor\u00eda de los desocupados por la pandemia (m\u00e1s de 650.000 trabajadores) habr\u00edan sido trabajadores informales. Esto incluye cuentapropistas, no profesionales, trabajadores eventuales y empleos asalariados no registrados de peque\u00f1os y mediados emprendimientos.<\/p>\n\n\n\n<p>Seg\u00fan el SIPA, en su informe de mayo, entre el segundo trimestre de 2018 y el segundo trimestre de 2020, el n\u00famero de trabajadores registrados se redujo en m\u00e1s de 450.000 ocupados. M\u00e1s de dos terceras partes de esta ca\u00edda tuvo lugar por el escenario de la pandemia Covid-19 y el aislamiento social. Entre febrero y mayo de 2020, la p\u00e9rdida fue de m\u00e1s 300.000 empleos formales: 149.000 puestos asalariados registrados privados, 148.000 monotributistas y aut\u00f3nomos, y 20.000 empleados de casas particulares.<\/p>\n\n\n\n<p><strong>Un futuro con alto desempleo<\/strong><\/p>\n\n\n\n<p>Previo a la cuarentena, los datos de la&nbsp;Encuesta Permanente de Hogares del Indec&nbsp;mostraron una situaci\u00f3n en el mercado de trabajo no muy diferente a la del primer trimestre del a\u00f1o anterior. La tasa de desocupaci\u00f3n hab\u00eda crecido de 10,1% en el per\u00edodo enero-marzo de 2019 a 10,4% para este a\u00f1o.<\/p>\n\n\n\n<p>\u201cLa tasa de desocupaci\u00f3n de comienzos de a\u00f1o fue la m\u00e1s alta en de la \u00faltima d\u00e9cada, pero adem\u00e1s lo que se observa es que en los \u00faltimos a\u00f1os el desempleo se movi\u00f3 en una banda que, tomando los promedios anuales, estuvo entre 8,2% y el nivel actual, se\u00f1alando las restricciones existentes para crear empleo\u201d, se\u00f1al\u00f3&nbsp;Nuria Susmel, economista de FIEL, en una columna publicada recientemente.<\/p>\n\n\n\n<p>La especialista se\u00f1al\u00f3 que&nbsp;las mujeres y los j\u00f3venes son quienes enfrentan mayores problemas al momento de encontrar empleo.&nbsp;La tasa de desocupaci\u00f3n promedio de las mujeres se ubicaba, en el primer trimestre del a\u00f1o, 0,8 puntos por encima del promedio, mientras que la de los hombres era inferior en 0,7 puntos porcentuales.<\/p>\n\n\n\n<p>Por nivel educativo, las tasas m\u00e1s elevadas se encuentran entre quienes tienen secundaria incompleta o superior y universitario incompleto. Para quienes tienen el tercer ciclo completo, la tasa se reduce a menos de la mitad del promedio.<\/p>\n\n\n\n<p>Hasta mayo, de acuerdo con datos de la AFIP, se hab\u00edan perdido 280.000 puestos de trabajo registrados, es decir el 3,4% del total. Pero esa cifra no incluye al sector informal. \u201cLa evidencia muestra que el sector informal ajusta m\u00e1s r\u00e1pido en \u00e9pocas de crisis por lo que se podr\u00eda esperar que el total de empleos perdidos haya alcanzado ya los 600.000\u2033, se\u00f1al\u00f3 Susmel.&nbsp;De esta forma, si se mantiene la oferta de trabajo en los niveles actuales, la tasa de desempleo se estar\u00eda ubicando en 14%&nbsp;seg\u00fan las estimaciones de FIEL.<\/p>\n\n\n\n<p>\u201cDe todos modos, dado que la cuarentena ha dificultado la b\u00fasqueda de empleo, es probable que la oferta, tal como se mide habitualmente, haya sido menor y por lo tanto el resultado sean menos desempleados. Es evidente que esto no puede interpretarse como un buen indicador de la situaci\u00f3n de empleo\u201d, indic\u00f3 la economista.<\/p>\n\n\n\n<p>(Fuente: Ifobae)<\/p>\n","protected":false},"excerpt":{"rendered":"<p>A partir de informaci\u00f3n oficial del Indec y los datos del Sistema Integrado Previsional Argentino (SIPA), desde el<\/p>\n","protected":false},"author":3,"featured_media":6975,"comment_status":"closed","ping_status":"closed","sticky":false,"template":"","format":"standard","meta":{"footnotes":""},"categories":[2],"tags":[],"class_list":["post-6974","post","type-post","status-publish","format-standard","has-post-thumbnail","hentry","category-nacionales"],"featured_image_urls":{"full":["https:\/\/misionescuatro.com.ar\/wp-content\/uploads\/2020\/08\/desempleo.jpg",610,396,false],"thumbnail":["https:\/\/misionescuatro.com.ar\/wp-content\/uploads\/2020\/08\/desempleo-150x150.jpg",150,150,true],"medium":["https:\/\/misionescuatro.com.ar\/wp-content\/uploads\/2020\/08\/desempleo-300x195.jpg",300,195,true],"medium_large":["https:\/\/misionescuatro.com.ar\/wp-content\/uploads\/2020\/08\/desempleo.jpg",610,396,false],"large":["https:\/\/misionescuatro.com.ar\/wp-content\/uploads\/2020\/08\/desempleo.jpg",610,396,false],"1536x1536":["https:\/\/misionescuatro.com.ar\/wp-content\/uploads\/2020\/08\/desempleo.jpg",610,396,false],"2048x2048":["https:\/\/misionescuatro.com.ar\/wp-content\/uploads\/2020\/08\/desempleo.jpg",610,396,false],"wptouch-new-thumbnail":["https:\/\/misionescuatro.com.ar\/wp-content\/uploads\/2020\/08\/desempleo.jpg",144,93,false],"morenews-featured":["https:\/\/misionescuatro.com.ar\/wp-content\/uploads\/2020\/08\/desempleo.jpg",610,396,false],"morenews-large":["https:\/\/misionescuatro.com.ar\/wp-content\/uploads\/2020\/08\/desempleo.jpg",610,396,false],"morenews-medium":["https:\/\/misionescuatro.com.ar\/wp-content\/uploads\/2020\/08\/desempleo.jpg",590,383,false]},"author_info":{"info":["Admin"]},"category_info":"<a href=\"https:\/\/misionescuatro.com.ar\/?cat=2\" rel=\"category\">Nacionales<\/a>","tag_info":"Nacionales","comment_count":"0","_links":{"self":[{"href":"https:\/\/misionescuatro.com.ar\/index.php?rest_route=\/wp\/v2\/posts\/6974","targetHints":{"allow":["GET"]}}],"collection":[{"href":"https:\/\/misionescuatro.com.ar\/index.php?rest_route=\/wp\/v2\/posts"}],"about":[{"href":"https:\/\/misionescuatro.com.ar\/index.php?rest_route=\/wp\/v2\/types\/post"}],"author":[{"embeddable":true,"href":"https:\/\/misionescuatro.com.ar\/index.php?rest_route=\/wp\/v2\/users\/3"}],"replies":[{"embeddable":true,"href":"https:\/\/misionescuatro.com.ar\/index.php?rest_route=%2Fwp%2Fv2%2Fcomments&post=6974"}],"version-history":[{"count":1,"href":"https:\/\/misionescuatro.com.ar\/index.php?rest_route=\/wp\/v2\/posts\/6974\/revisions"}],"predecessor-version":[{"id":6976,"href":"https:\/\/misionescuatro.com.ar\/index.php?rest_route=\/wp\/v2\/posts\/6974\/revisions\/6976"}],"wp:featuredmedia":[{"embeddable":true,"href":"https:\/\/misionescuatro.com.ar\/index.php?rest_route=\/wp\/v2\/media\/6975"}],"wp:attachment":[{"href":"https:\/\/misionescuatro.com.ar\/index.php?rest_route=%2Fwp%2Fv2%2Fmedia&parent=6974"}],"wp:term":[{"taxonomy":"category","embeddable":true,"href":"https:\/\/misionescuatro.com.ar\/index.php?rest_route=%2Fwp%2Fv2%2Fcategories&post=6974"},{"taxonomy":"post_tag","embeddable":true,"href":"https:\/\/misionescuatro.com.ar\/index.php?rest_route=%2Fwp%2Fv2%2Ftags&post=6974"}],"curies":[{"name":"wp","href":"https:\/\/api.w.org\/{rel}","templated":true}]}}