{"id":9018,"date":"2021-02-25T14:51:04","date_gmt":"2021-02-25T14:51:04","guid":{"rendered":"http:\/\/misionescuatro.com.ar\/?p=9018"},"modified":"2024-12-27T15:41:43","modified_gmt":"2024-12-27T15:41:43","slug":"aumento-y-bono-extra-para-jubilados-quienes-accederan-al-beneficio-y-cuanto-es-el-nuevo-incremento","status":"publish","type":"post","link":"https:\/\/misionescuatro.com.ar\/?p=9018","title":{"rendered":"Aumento y bono extra para jubilados: Qui\u00e9nes acceder\u00e1n al beneficio y cu\u00e1nto es el nuevo incremento"},"content":{"rendered":"\n<p>El debut de la nueva&nbsp;<a href=\"https:\/\/misionesonline.net\/2021\/01\/04\/el-gobierno-oficializo-la-ley-de-movilidad-jubilatoria\/\">ley de movilidad rondar\u00eda un aumento del 8%<\/a>, que corresponde al primero del 2021. Adem\u00e1s, se eval\u00faa dar<strong>&nbsp;un bono para los jubilados que cobran el haber m\u00ednimo<\/strong>. El anuncio se har\u00eda este viernes.<\/p>\n\n\n\n<p>La<strong>\u00a0nueva ley de movilidad sancionada en diciembre pasado debuta con un aumento que rondar\u00eda el 8,07%<\/strong>. El porcentaje del aumento ya se puede determinar (aunque a\u00fan no hay anuncio oficial) porque los \u00edndices que se toman para la determinaci\u00f3n del mismo ya fueron publicados.<\/p>\n\n\n\n<p>Entre hoy y ma\u00f1ana el presidente&nbsp;<a href=\"https:\/\/misionesonline.net\/etiqueta\/alberto-fernandez\/\">Alberto Fern\u00e1ndez<\/a>&nbsp;definir\u00e1 el n\u00famero final del aumento. D<strong>esde el Gobierno insisten en que con la f\u00f3rmula anterior el aumento hubiera sido del 7,18%<\/strong>.<\/p>\n\n\n\n<p><strong>Jubilados beneficiarios<\/strong><\/p>\n\n\n\n<p>Aplicando ese porcentaje,&nbsp;<strong>la jubilaci\u00f3n m\u00ednima subir\u00eda de $19.035 a $20.571<\/strong>, que se cobrar\u00edan en los meses de marzo, abril y mayo. Las<strong>&nbsp;pensiones no contributivas pasar\u00edan a tener un valor de $14.400 y la PUAM de $16.457<\/strong>.<\/p>\n\n\n\n<p>Adem\u00e1s de las jubilaciones y pensiones, el aumento comprende a las Asignaciones familiares, AUH y PUAM ) Pensi\u00f3n Universal del Adulto Mayor.&nbsp;<strong>El universo de personas que alcanza el aumento es de 18 millones<\/strong>.<\/p>\n\n\n\n<h3 class=\"wp-block-heading\"><strong>\u00bfBono?<\/strong><\/h3>\n\n\n\n<p>De antemano se sabe que<strong>&nbsp;el primer aumento del a\u00f1o es inferior al de la inflaci\u00f3n del primer trimestre de 2021<\/strong>. Por eso, desde el Poder Ejecutivo se eval\u00faa pagar un bono extraordinario.<\/p>\n\n\n\n<p>Todav\u00eda no est\u00e1 dicha la \u00faltima palabra. Tambi\u00e9n entre hoy y ma\u00f1ana el Presidente definir\u00e1 el pago del bono para los jubilados y pensionados de la m\u00ednima.<\/p>\n\n\n\n<p><\/p>\n\n\n\n<p>misionesonline.net<\/p>\n","protected":false},"excerpt":{"rendered":"<p>El debut de la nueva&nbsp;ley de movilidad rondar\u00eda un aumento del 8%, que corresponde al primero del 2021.<\/p>\n","protected":false},"author":3,"featured_media":5876,"comment_status":"closed","ping_status":"closed","sticky":false,"template":"","format":"standard","meta":{"footnotes":""},"categories":[2],"tags":[],"class_list":["post-9018","post","type-post","status-publish","format-standard","has-post-thumbnail","hentry","category-nacionales"],"featured_image_urls":{"full":["https:\/\/misionescuatro.com.ar\/wp-content\/uploads\/2020\/05\/JUBILADOS.jpg",800,610,false],"thumbnail":["https:\/\/misionescuatro.com.ar\/wp-content\/uploads\/2020\/05\/JUBILADOS-150x150.jpg",150,150,true],"medium":["https:\/\/misionescuatro.com.ar\/wp-content\/uploads\/2020\/05\/JUBILADOS-300x229.jpg",300,229,true],"medium_large":["https:\/\/misionescuatro.com.ar\/wp-content\/uploads\/2020\/05\/JUBILADOS-768x586.jpg",640,488,true],"large":["https:\/\/misionescuatro.com.ar\/wp-content\/uploads\/2020\/05\/JUBILADOS.jpg",640,488,false],"1536x1536":["https:\/\/misionescuatro.com.ar\/wp-content\/uploads\/2020\/05\/JUBILADOS.jpg",800,610,false],"2048x2048":["https:\/\/misionescuatro.com.ar\/wp-content\/uploads\/2020\/05\/JUBILADOS.jpg",800,610,false],"wptouch-new-thumbnail":["https:\/\/misionescuatro.com.ar\/wp-content\/uploads\/2020\/05\/JUBILADOS.jpg",144,110,false],"morenews-featured":["https:\/\/misionescuatro.com.ar\/wp-content\/uploads\/2020\/05\/JUBILADOS.jpg",800,610,false],"morenews-large":["https:\/\/misionescuatro.com.ar\/wp-content\/uploads\/2020\/05\/JUBILADOS.jpg",754,575,false],"morenews-medium":["https:\/\/misionescuatro.com.ar\/wp-content\/uploads\/2020\/05\/JUBILADOS.jpg",538,410,false]},"author_info":{"info":["Admin"]},"category_info":"<a href=\"https:\/\/misionescuatro.com.ar\/?cat=2\" rel=\"category\">Nacionales<\/a>","tag_info":"Nacionales","comment_count":"0","_links":{"self":[{"href":"https:\/\/misionescuatro.com.ar\/index.php?rest_route=\/wp\/v2\/posts\/9018","targetHints":{"allow":["GET"]}}],"collection":[{"href":"https:\/\/misionescuatro.com.ar\/index.php?rest_route=\/wp\/v2\/posts"}],"about":[{"href":"https:\/\/misionescuatro.com.ar\/index.php?rest_route=\/wp\/v2\/types\/post"}],"author":[{"embeddable":true,"href":"https:\/\/misionescuatro.com.ar\/index.php?rest_route=\/wp\/v2\/users\/3"}],"replies":[{"embeddable":true,"href":"https:\/\/misionescuatro.com.ar\/index.php?rest_route=%2Fwp%2Fv2%2Fcomments&post=9018"}],"version-history":[{"count":1,"href":"https:\/\/misionescuatro.com.ar\/index.php?rest_route=\/wp\/v2\/posts\/9018\/revisions"}],"predecessor-version":[{"id":9019,"href":"https:\/\/misionescuatro.com.ar\/index.php?rest_route=\/wp\/v2\/posts\/9018\/revisions\/9019"}],"wp:featuredmedia":[{"embeddable":true,"href":"https:\/\/misionescuatro.com.ar\/index.php?rest_route=\/wp\/v2\/media\/5876"}],"wp:attachment":[{"href":"https:\/\/misionescuatro.com.ar\/index.php?rest_route=%2Fwp%2Fv2%2Fmedia&parent=9018"}],"wp:term":[{"taxonomy":"category","embeddable":true,"href":"https:\/\/misionescuatro.com.ar\/index.php?rest_route=%2Fwp%2Fv2%2Fcategories&post=9018"},{"taxonomy":"post_tag","embeddable":true,"href":"https:\/\/misionescuatro.com.ar\/index.php?rest_route=%2Fwp%2Fv2%2Ftags&post=9018"}],"curies":[{"name":"wp","href":"https:\/\/api.w.org\/{rel}","templated":true}]}}