{"id":9114,"date":"2021-03-03T13:36:25","date_gmt":"2021-03-03T13:36:25","guid":{"rendered":"http:\/\/misionescuatro.com.ar\/?p=9114"},"modified":"2024-12-27T15:41:40","modified_gmt":"2024-12-27T15:41:40","slug":"construiran-14-centros-territoriales-contra-la-violencia-de-genero","status":"publish","type":"post","link":"https:\/\/misionescuatro.com.ar\/?p=9114","title":{"rendered":"Construir\u00e1n 14 Centros Territoriales contra la violencia de g\u00e9nero"},"content":{"rendered":"\n<p><em><strong>El anuncio, que se realiz\u00f3 en Casa Rosada, estuvo encabezado por el jefe de Gabinete, Santiago Cafiero, que particip\u00f3 en forma virtual, y su anfitriona fue la autora de la iniciativa, la ministra de las Mujeres, G\u00e9nero y Diversidad, Elizabet G\u00f3mez Alcorta.<\/strong><\/em><\/p>\n\n\n\n<p>El gobierno nacional anunci\u00f3 formalmente la construcci\u00f3n de los primeros 14 Centros Territoriales Integrales que servir\u00e1n, entre otros puntos, para contener y acompa\u00f1ar a v\u00edctimas de violencia de g\u00e9nero en todo el pa\u00eds, pero tambi\u00e9n para difundir los derechos de las mujeres y las disidencias.<br><br>El acto, que se realiz\u00f3 en Casa Rosada, estuvo encabezado por el jefe de Gabinete, Santiago Cafiero, que particip\u00f3 en forma virtual, y su anfitriona fue la autora de la iniciativa, la ministra de las Mujeres, G\u00e9neros y Diversidad, Elizabet G\u00f3mez Alcorta.<br><br>Con Cafiero desde la pantalla, mientras cumple con el per\u00edodo de aislamiento sanitario por ser contacto estrecho de coronavirus, el acto se desarroll\u00f3 con la presencia del ministro del Interior, Eduardo de Pedro, y del secretario de Asuntos Estrat\u00e9gicos, Gustavo Beliz, entre otros funcionarios.<br><br>Cafiero destac\u00f3 los centros como \u00abun nuevo paso de consolidaci\u00f3n estructural de las tareas que viene desarrollando el Ministerio de las Mujeres\u00bb y se\u00f1al\u00f3 que la administraci\u00f3n de Alberto Fern\u00e1ndez va m\u00e1s all\u00e1 de los \u00abdiscursos\u00bb y \u00abhace\u00bb.<br><br>El jefe de Gabinete afirm\u00f3 que \u00abel movimiento pol\u00edtico m\u00e1s importante del siglo XXI, el que gener\u00f3 cambios m\u00e1s importantes\u00bb es el de las mujeres, que en Argentina cont\u00f3 con \u00abuna militancia intensa, activa\u00bb por la \u00abampliaci\u00f3n de derechos\u00bb durante los \u00faltimos a\u00f1os, con el ejemplo m\u00e1s saliente en la Ley de Interrupci\u00f3n Voluntaria del Embarazo.<br><br>Cafiero se\u00f1al\u00f3 que la dirigencia debi\u00f3 \u00abentender y comprender que hab\u00eda una agenda vacante\u00bb y se mostr\u00f3 satisfecho de que haya sido el peronismo el movimiento que adoptara esos temas y reclamos como propios.<br><br>En ese mismo sentido, dijo que la Casa Rosada \u00abes sensible\u00bb a la problem\u00e1tica de la violencia de g\u00e9nero: \u00abEste es un Gobierno que escucha y que hace. Discursos bonitos hubo muchos, pero pol\u00edticas publicas espec\u00edficas, que hayan asignando presupuestos al tema, eso es m\u00e1s raro de cumplir, y lo hacemos\u00bb.<br><br><strong>C\u00f3mo ser\u00e1n los centros<\/strong><br><br>Seg\u00fan se explic\u00f3 en el acto, gracias a la coordinaci\u00f3n entre los ministerios de Obras P\u00fablicas y el de Mujeres, en esta primera etapa se construir\u00e1n 14 centros a los que luego se sumar\u00e1n los restantes hasta contar con al menos uno por provincia.<br><br>En ese sentido, G\u00f3mez Alcorta sostuvo que esos espacios son \u201cfundamentales\u201d para llegar con una \u201cpol\u00edtica de cercan\u00eda, que est\u00e9 disponible en los distintos territorios\u201d. Afirm\u00f3 que ser\u00e1n lugares \u201cde encuentro, de escucha, de atenci\u00f3n de mujeres y diversidades, para atender situaciones de violencia de g\u00e9nero pero tambi\u00e9n para promover sus derechos\u201d.<br><br>\u201cSer\u00e1n espacios muy amplios, de m\u00e1s de 600 metros cuadrados, con lugar para la atenci\u00f3n psicol\u00f3gica y eventualmente para salud inclusiva. Tambi\u00e9n van a tener lugar para que los hijos e hijas (de las personas que lleguen) puedan estar ah\u00ed y, en algunos casos, van a contar con alojamiento para mujeres en un corto plazo\u201d, detall\u00f3.<br><br>Adem\u00e1s, se buscar\u00e1 articulaci\u00f3n plena con los programas que la Naci\u00f3n, las provincias y los municipios puedan tener para abordar las problem\u00e1ticas de g\u00e9nero.<\/p>\n\n\n\n<p>agenciahoy.com<\/p>\n","protected":false},"excerpt":{"rendered":"<p>El anuncio, que se realiz\u00f3 en Casa Rosada, estuvo encabezado por el jefe de Gabinete, Santiago Cafiero, que<\/p>\n","protected":false},"author":3,"featured_media":9115,"comment_status":"closed","ping_status":"closed","sticky":false,"template":"","format":"standard","meta":{"footnotes":""},"categories":[2],"tags":[],"class_list":["post-9114","post","type-post","status-publish","format-standard","has-post-thumbnail","hentry","category-nacionales"],"featured_image_urls":{"full":["https:\/\/misionescuatro.com.ar\/wp-content\/uploads\/2021\/03\/mesa.jpg",800,450,false],"thumbnail":["https:\/\/misionescuatro.com.ar\/wp-content\/uploads\/2021\/03\/mesa-150x150.jpg",150,150,true],"medium":["https:\/\/misionescuatro.com.ar\/wp-content\/uploads\/2021\/03\/mesa-300x169.jpg",300,169,true],"medium_large":["https:\/\/misionescuatro.com.ar\/wp-content\/uploads\/2021\/03\/mesa-768x432.jpg",640,360,true],"large":["https:\/\/misionescuatro.com.ar\/wp-content\/uploads\/2021\/03\/mesa.jpg",640,360,false],"1536x1536":["https:\/\/misionescuatro.com.ar\/wp-content\/uploads\/2021\/03\/mesa.jpg",800,450,false],"2048x2048":["https:\/\/misionescuatro.com.ar\/wp-content\/uploads\/2021\/03\/mesa.jpg",800,450,false],"wptouch-new-thumbnail":["https:\/\/misionescuatro.com.ar\/wp-content\/uploads\/2021\/03\/mesa.jpg",144,81,false],"morenews-featured":["https:\/\/misionescuatro.com.ar\/wp-content\/uploads\/2021\/03\/mesa.jpg",800,450,false],"morenews-large":["https:\/\/misionescuatro.com.ar\/wp-content\/uploads\/2021\/03\/mesa.jpg",800,450,false],"morenews-medium":["https:\/\/misionescuatro.com.ar\/wp-content\/uploads\/2021\/03\/mesa.jpg",590,332,false]},"author_info":{"info":["Admin"]},"category_info":"<a href=\"https:\/\/misionescuatro.com.ar\/?cat=2\" rel=\"category\">Nacionales<\/a>","tag_info":"Nacionales","comment_count":"0","_links":{"self":[{"href":"https:\/\/misionescuatro.com.ar\/index.php?rest_route=\/wp\/v2\/posts\/9114","targetHints":{"allow":["GET"]}}],"collection":[{"href":"https:\/\/misionescuatro.com.ar\/index.php?rest_route=\/wp\/v2\/posts"}],"about":[{"href":"https:\/\/misionescuatro.com.ar\/index.php?rest_route=\/wp\/v2\/types\/post"}],"author":[{"embeddable":true,"href":"https:\/\/misionescuatro.com.ar\/index.php?rest_route=\/wp\/v2\/users\/3"}],"replies":[{"embeddable":true,"href":"https:\/\/misionescuatro.com.ar\/index.php?rest_route=%2Fwp%2Fv2%2Fcomments&post=9114"}],"version-history":[{"count":1,"href":"https:\/\/misionescuatro.com.ar\/index.php?rest_route=\/wp\/v2\/posts\/9114\/revisions"}],"predecessor-version":[{"id":9116,"href":"https:\/\/misionescuatro.com.ar\/index.php?rest_route=\/wp\/v2\/posts\/9114\/revisions\/9116"}],"wp:featuredmedia":[{"embeddable":true,"href":"https:\/\/misionescuatro.com.ar\/index.php?rest_route=\/wp\/v2\/media\/9115"}],"wp:attachment":[{"href":"https:\/\/misionescuatro.com.ar\/index.php?rest_route=%2Fwp%2Fv2%2Fmedia&parent=9114"}],"wp:term":[{"taxonomy":"category","embeddable":true,"href":"https:\/\/misionescuatro.com.ar\/index.php?rest_route=%2Fwp%2Fv2%2Fcategories&post=9114"},{"taxonomy":"post_tag","embeddable":true,"href":"https:\/\/misionescuatro.com.ar\/index.php?rest_route=%2Fwp%2Fv2%2Ftags&post=9114"}],"curies":[{"name":"wp","href":"https:\/\/api.w.org\/{rel}","templated":true}]}}