{"id":9232,"date":"2021-03-05T18:33:12","date_gmt":"2021-03-05T18:33:12","guid":{"rendered":"http:\/\/misionescuatro.com.ar\/?p=9232"},"modified":"2024-12-27T15:41:32","modified_gmt":"2024-12-27T15:41:32","slug":"caso-maradona-la-justicia-determino-quienes-son-los-unicos-herederos","status":"publish","type":"post","link":"https:\/\/misionescuatro.com.ar\/?p=9232","title":{"rendered":"Caso Maradona: la Justicia determin\u00f3 qui\u00e9nes son los \u00fanicos herederos"},"content":{"rendered":"\n<p>A m\u00e1s de tres meses de la muerte de&nbsp;<strong><a href=\"https:\/\/misionesonline.net\/etiqueta\/diego-armando-maradona\/\">Diego Armando Maradona<\/a><\/strong>, la jueza civil y comercial de La Plata, Luciana Tedesco del Rivero, determin\u00f3 este viernes que los cinco hijos reconocidos del diez son los \u00fanicos herederos en la sucesi\u00f3n de sus bienes.<\/p>\n\n\n\n<p>Dalma, Gianinna, Jana, Dieguito Fernando y Diego Junior son los sucesores oficiales, conforme a la documentaci\u00f3n que consta en el expediente. La jueza dio por acreditado el nacimiento de cada uno de los hijos de Maradona producto de distintas relaciones amorosas a lo largo de su vida, como los casos de Claudia Villafa\u00f1e y Ver\u00f3nica Ojeda.<\/p>\n\n\n\n<p>Si bien est\u00e1 hecha la declaratoria de herederos, fuentes oficiales informaron que la misma puede ampliarse en caso de que alguna persona se presente como hijo de Maradona, cuesti\u00f3n que deber\u00e1 probarse.<\/p>\n\n\n\n<p>Esto ocurri\u00f3 antes de la declaraci\u00f3n de herederos, cuando una joven afirm\u00f3 ser la hija del fallecido futbolista. Aunque todav\u00eda no se comprob\u00f3 ese v\u00ednculo, en caso de confirmarse se ampliar\u00e1 como beneficiaria.<\/p>\n\n\n\n<p>A partir de esta definici\u00f3n, se cerr\u00f3 una primera etapa, mientras sigue vigente la denuncia contra el abogado Mat\u00edas Morla, quien fuera administrador y apoderado del astro futbol\u00edstico.<\/p>\n\n\n\n<p>D\u00edas atr\u00e1s, Dalma y Gianinna Maradona pidieron que Morla informe sobre el contrato que lo un\u00eda con el exfutbolista, sus honorarios, qu\u00e9 tipo de tareas realizaba, cu\u00e1nto y por qu\u00e9 servicio se le abonaba al entorno que convivi\u00f3 los \u00faltimos a\u00f1os, entre ellos su hermana Vanesa Morla, su cu\u00f1ado Christian Pomargo y otros que formaban parte de la vida diaria.<\/p>\n\n\n\n<p>Asimismo, reclamaron que informe la totalidad de las facturas por servicios profesionales efectuados a Maradona, desde el a\u00f1o 2014 hasta el momento de su muerte, \u00aba fin de corroborar tipo de tareas y trabajos profesionales realizados y evaluar as\u00ed si quedar\u00eda pendiente alg\u00fan pago por servicios profesionales u honorarios que hubiera realizado\u00bb.<\/p>\n\n\n\n<p>El pedido de las hijas es tambi\u00e9n para que fundamente el por qu\u00e9 de la donaci\u00f3n de varias propiedades y dinero en efectivo que hizo en vida el exjugador, algunas de las cuales fueron a su expareja Roc\u00edo Oliva.<\/p>\n\n\n\n<p>Maradona, la mayor figura de la historia del f\u00fatbol mundial, muri\u00f3 a los 60 a\u00f1os el 25 de noviembre de 2020 al mediod\u00eda producto de una descompensaci\u00f3n card\u00edaca. El hecho ocurri\u00f3 en una casa del barrio privado San Andr\u00e9s, en Tigre, donde transitaba una internaci\u00f3n domiciliaria que est\u00e1 bajo investigaci\u00f3n.<\/p>\n\n\n\n<p>Los siete profesionales de la salud imputados en la causa por un posible \u00abhomicidio culposo\u00bb son el neurocirujano Leopoldo Luque (39); la psiquiatra Agustina Cosachov (35); el psic\u00f3logo Carlos Daniel \u00abCharly\u00bb D\u00edaz (29); los enfermeros Dahiana Gisela Madrid (36) y Ricardo Omar Almir\u00f3n (37); la m\u00e9dica coordinadora Nancy Forlini (52); y el coordinador de los enfermeros, Mariano Perroni (40).<\/p>\n\n\n\n<p>La autopsia determin\u00f3 que muri\u00f3 como consecuencia de un \u00abedema agudo de pulm\u00f3n secundario a una insuficiencia card\u00edaca cr\u00f3nica reagudizada\u00bb y descubrieron en su coraz\u00f3n una \u00abmiocardiopat\u00eda dilatada\u00bb.<\/p>\n\n\n\n<p>Fuente: P\u00e1gina12<\/p>\n","protected":false},"excerpt":{"rendered":"<p>A m\u00e1s de tres meses de la muerte de&nbsp;Diego Armando Maradona, la jueza civil y comercial de La<\/p>\n","protected":false},"author":3,"featured_media":9233,"comment_status":"closed","ping_status":"closed","sticky":false,"template":"","format":"standard","meta":{"footnotes":""},"categories":[2],"tags":[],"class_list":["post-9232","post","type-post","status-publish","format-standard","has-post-thumbnail","hentry","category-nacionales"],"featured_image_urls":{"full":["https:\/\/misionescuatro.com.ar\/wp-content\/uploads\/2021\/03\/maradona-.jpg",730,487,false],"thumbnail":["https:\/\/misionescuatro.com.ar\/wp-content\/uploads\/2021\/03\/maradona--150x150.jpg",150,150,true],"medium":["https:\/\/misionescuatro.com.ar\/wp-content\/uploads\/2021\/03\/maradona--300x200.jpg",300,200,true],"medium_large":["https:\/\/misionescuatro.com.ar\/wp-content\/uploads\/2021\/03\/maradona-.jpg",640,427,false],"large":["https:\/\/misionescuatro.com.ar\/wp-content\/uploads\/2021\/03\/maradona-.jpg",640,427,false],"1536x1536":["https:\/\/misionescuatro.com.ar\/wp-content\/uploads\/2021\/03\/maradona-.jpg",730,487,false],"2048x2048":["https:\/\/misionescuatro.com.ar\/wp-content\/uploads\/2021\/03\/maradona-.jpg",730,487,false],"wptouch-new-thumbnail":["https:\/\/misionescuatro.com.ar\/wp-content\/uploads\/2021\/03\/maradona-.jpg",144,96,false],"morenews-featured":["https:\/\/misionescuatro.com.ar\/wp-content\/uploads\/2021\/03\/maradona-.jpg",730,487,false],"morenews-large":["https:\/\/misionescuatro.com.ar\/wp-content\/uploads\/2021\/03\/maradona-.jpg",730,487,false],"morenews-medium":["https:\/\/misionescuatro.com.ar\/wp-content\/uploads\/2021\/03\/maradona-.jpg",590,394,false]},"author_info":{"info":["Admin"]},"category_info":"<a href=\"https:\/\/misionescuatro.com.ar\/?cat=2\" rel=\"category\">Nacionales<\/a>","tag_info":"Nacionales","comment_count":"0","_links":{"self":[{"href":"https:\/\/misionescuatro.com.ar\/index.php?rest_route=\/wp\/v2\/posts\/9232","targetHints":{"allow":["GET"]}}],"collection":[{"href":"https:\/\/misionescuatro.com.ar\/index.php?rest_route=\/wp\/v2\/posts"}],"about":[{"href":"https:\/\/misionescuatro.com.ar\/index.php?rest_route=\/wp\/v2\/types\/post"}],"author":[{"embeddable":true,"href":"https:\/\/misionescuatro.com.ar\/index.php?rest_route=\/wp\/v2\/users\/3"}],"replies":[{"embeddable":true,"href":"https:\/\/misionescuatro.com.ar\/index.php?rest_route=%2Fwp%2Fv2%2Fcomments&post=9232"}],"version-history":[{"count":1,"href":"https:\/\/misionescuatro.com.ar\/index.php?rest_route=\/wp\/v2\/posts\/9232\/revisions"}],"predecessor-version":[{"id":9234,"href":"https:\/\/misionescuatro.com.ar\/index.php?rest_route=\/wp\/v2\/posts\/9232\/revisions\/9234"}],"wp:featuredmedia":[{"embeddable":true,"href":"https:\/\/misionescuatro.com.ar\/index.php?rest_route=\/wp\/v2\/media\/9233"}],"wp:attachment":[{"href":"https:\/\/misionescuatro.com.ar\/index.php?rest_route=%2Fwp%2Fv2%2Fmedia&parent=9232"}],"wp:term":[{"taxonomy":"category","embeddable":true,"href":"https:\/\/misionescuatro.com.ar\/index.php?rest_route=%2Fwp%2Fv2%2Fcategories&post=9232"},{"taxonomy":"post_tag","embeddable":true,"href":"https:\/\/misionescuatro.com.ar\/index.php?rest_route=%2Fwp%2Fv2%2Ftags&post=9232"}],"curies":[{"name":"wp","href":"https:\/\/api.w.org\/{rel}","templated":true}]}}